{"id":11312,"date":"2022-10-19T13:07:02","date_gmt":"2022-10-19T11:07:02","guid":{"rendered":"https:\/\/pre.madridemprende.anovagroup.es\/?post_type=noticias&#038;p=11312"},"modified":"2022-10-19T13:07:02","modified_gmt":"2022-10-19T11:07:02","slug":"itinerarios-formativos-inscribete-ya","status":"publish","type":"noticias","link":"https:\/\/test.madridemprende.anovagroup.es\/en\/noticias\/itinerarios-formativos-inscribete-ya\/","title":{"rendered":"Itinerarios Formativos. \u00a1Inscr\u00edbete ya!"},"content":{"rendered":"<ul>\n<li><strong>Ya puedes inscribirte a todas las actividades de los Itinerarios Formativos 2022\u00a0<\/strong><\/li>\n<li><strong>Son acciones formativas eminentemente pr\u00e1cticas <\/strong><\/li>\n<li><strong>Se imparten en modalidad h\u00edbrida: presencial y videoconferencia <\/strong><\/li>\n<\/ul>\n<h3>Caracter\u00edsticas<\/h3>\n<p>Los <a href=\"https:\/\/pre.madridemprende.anovagroup.es\/itinerarios-formativos\/\">Itinerarios Formativos<\/a> son <strong>acciones formativas<\/strong> eminentemente <strong>pr\u00e1cticas<\/strong>. En ellas se recogen los temas m\u00e1s relevantes para tener en cuenta a la hora de poner en marcha un negocio. Se imparten en <strong>modalidad h\u00edbrida: presencial y videoconferencia<\/strong>.<\/p>\n<p>Adem\u00e1s, el desarrollo de estas actividades formativas se complementa con nuestra <strong>plataforma virtual \u201c<a href=\"https:\/\/aula.madridemprende.es\/\">Aula Emprende<\/a>\u201d<\/strong>, un aula virtual de apoyo que presta asistencia a las personas emprendedoras para acceso a contenidos y recursos, correcci\u00f3n de evaluaciones y resoluci\u00f3n de dudas y consultas.<\/p>\n<p>Estos Itinerarios se realizar\u00e1n <strong>de 10 a 14:30 horas en formato h\u00edbrido<\/strong>: videoconferencia y presencial con limitaci\u00f3n de aforo. La actividad presencial tendr\u00e1 lugar en el vivero de empresas de Carabanchel (calle Cidro, 3. 28044 Madrid). Se confirmara\u0301 previamente la posibilidad de asistencia presencial a las personas inscritas.<\/p>\n<h3>Itinerarios Formativos 2022<\/h3>\n<h4><strong>Itinerario I:\u00a0<\/strong><\/h4>\n<ul>\n<li><strong><a href=\"https:\/\/portal.madridemprende.es\/evento\/itinerario-i-habilidades-para-emprender\/\">Habilidades para emprender.<\/a><\/strong><\/li>\n<li><a href=\"https:\/\/portal.madridemprende.es\/evento\/habilidades-para-mujeres-emprendedoras\/\"><strong>Habilidades para mujeres emprendedoras<\/strong><\/a>.<\/li>\n<li><a href=\"https:\/\/portal.madridemprende.es\/evento\/comunicacion-y-elevator-pitch\/\"><strong>Comunicaci\u00f3n y elevator pitch<\/strong><\/a>.<\/li>\n<\/ul>\n<h4><strong>Itinerario II:\u00a0<\/strong><\/h4>\n<ul>\n<li><strong><a href=\"https:\/\/portal.madridemprende.es\/evento\/itinerario-ii-plan-de-empresa-y-plan-economico-financiero\/\">Fundamentos del Plan de empresa. Plan econ\u00f3mico-financiero y financiaci\u00f3n<\/a>.<\/strong><\/li>\n<li><strong><a href=\"https:\/\/portal.madridemprende.es\/evento\/itinerario-ii-contratacion-publica-para-pymes-y-emprendedores\/\">Contrataci\u00f3n P\u00fablica para pymes y emprendedores<\/a>.<\/strong><\/li>\n<li><strong><a href=\"https:\/\/portal.madridemprende.es\/evento\/itinerario-ii-emprendimiento-social-sostenibilidad-y-rsc\/\">Emprendimiento social, sostenibilidad y RSC<\/a>.<\/strong><\/li>\n<\/ul>\n<h4><strong>Itinerario III:\u00a0<\/strong><\/h4>\n<ul>\n<li><strong><a href=\"https:\/\/portal.madridemprende.es\/evento\/itinerario-iii-transformacion-digital-y-creacion-de-empresas-de-base-tecnologica\/\">Transformaci\u00f3n digital y creaci\u00f3n de empresas de base tecnol\u00f3gica<\/a>.<\/strong><\/li>\n<li><strong><a href=\"https:\/\/portal.madridemprende.es\/evento\/itinerario-iii-marketing-digital-y-fundamentos-de-diseno-web\/\">Marketing digital y fundamentos de dise\u00f1o web<\/a>.<\/strong><\/li>\n<\/ul>\n<p>&nbsp;<\/p>\n<p><strong><a href=\"https:\/\/pre.madridemprende.anovagroup.es\/itinerarios-formativos\/\">M\u00e1s informaci\u00f3n<\/a><\/strong><\/p>\n<p><img fetchpriority=\"high\" decoding=\"async\" class=\"alignnone size-full wp-image-11323\" src=\"https:\/\/pre.madridemprende.anovagroup.es\/wp-content\/uploads\/2022\/10\/WEB-Itinerarios-formativos-2022.png\" alt=\"Itinerarios formativos 2022\" width=\"1645\" height=\"1175\" srcset=\"https:\/\/test.madridemprende.anovagroup.es\/wp-content\/uploads\/2022\/10\/WEB-Itinerarios-formativos-2022.png 1645w, https:\/\/test.madridemprende.anovagroup.es\/wp-content\/uploads\/2022\/10\/WEB-Itinerarios-formativos-2022-300x214.png 300w, https:\/\/test.madridemprende.anovagroup.es\/wp-content\/uploads\/2022\/10\/WEB-Itinerarios-formativos-2022-1024x731.png 1024w, https:\/\/test.madridemprende.anovagroup.es\/wp-content\/uploads\/2022\/10\/WEB-Itinerarios-formativos-2022-768x549.png 768w, https:\/\/test.madridemprende.anovagroup.es\/wp-content\/uploads\/2022\/10\/WEB-Itinerarios-formativos-2022-1536x1097.png 1536w, https:\/\/test.madridemprende.anovagroup.es\/wp-content\/uploads\/2022\/10\/WEB-Itinerarios-formativos-2022-18x12.png 18w\" sizes=\"(max-width: 1645px) 100vw, 1645px\" \/><\/p>\n","protected":false},"excerpt":{"rendered":"<p>Los Itinerarios Formativos son acciones formativas pr\u00e1cticas sobre los temas m\u00e1s relevantes para poner en marcha un negocio. Se imparten en modalidad h\u00edbrida: presencial y videoconferencia.<\/p>\n","protected":false},"featured_media":11313,"template":"","meta":{"_acf_changed":false},"categories":[317],"noticias":[211],"class_list":["post-11312","noticias","type-noticias","status-publish","has-post-thumbnail","hentry","category-noticias","noticias-itinerarios-formativos"],"acf":[],"_links":{"self":[{"href":"https:\/\/test.madridemprende.anovagroup.es\/en\/wp-json\/wp\/v2\/noticias\/11312"}],"collection":[{"href":"https:\/\/test.madridemprende.anovagroup.es\/en\/wp-json\/wp\/v2\/noticias"}],"about":[{"href":"https:\/\/test.madridemprende.anovagroup.es\/en\/wp-json\/wp\/v2\/types\/noticias"}],"version-history":[{"count":0,"href":"https:\/\/test.madridemprende.anovagroup.es\/en\/wp-json\/wp\/v2\/noticias\/11312\/revisions"}],"wp:featuredmedia":[{"embeddable":true,"href":"https:\/\/test.madridemprende.anovagroup.es\/en\/wp-json\/wp\/v2\/media\/11313"}],"wp:attachment":[{"href":"https:\/\/test.madridemprende.anovagroup.es\/en\/wp-json\/wp\/v2\/media?parent=11312"}],"wp:term":[{"taxonomy":"category","embeddable":true,"href":"https:\/\/test.madridemprende.anovagroup.es\/en\/wp-json\/wp\/v2\/categories?post=11312"},{"taxonomy":"noticias","embeddable":true,"href":"https:\/\/test.madridemprende.anovagroup.es\/en\/wp-json\/wp\/v2\/noticias?post=11312"}],"curies":[{"name":"wp","href":"https:\/\/api.w.org\/{rel}","templated":true}]}}