{"id":11339,"date":"2022-10-21T10:00:07","date_gmt":"2022-10-21T08:00:07","guid":{"rendered":"https:\/\/pre.madridemprende.anovagroup.es\/?post_type=noticias&#038;p=11339"},"modified":"2022-10-20T13:58:24","modified_gmt":"2022-10-20T11:58:24","slug":"comienza-el-iii-programa-aceleravillaverde-y-aceleracarabanchel","status":"publish","type":"noticias","link":"https:\/\/test.madridemprende.anovagroup.es\/en\/noticias\/comienza-el-iii-programa-aceleravillaverde-y-aceleracarabanchel\/","title":{"rendered":"Comienza el III Programa #AceleraVillaverde y #AceleraCarabanchel"},"content":{"rendered":"<ul>\n<li><strong>Los finalistas de #AceleraVillaverde y #AceleraCarabanchel comienzan el programa de formaci\u00f3n intensiva<\/strong><\/li>\n<li><strong>Tiene una duraci\u00f3n de cuatro meses y se lleva a cabo en los viveros de empresas de Carabanchel y de Villaverde <\/strong><\/li>\n<\/ul>\n<p>&nbsp;<\/p>\n<h3>Caracter\u00edsticas del programa<\/h3>\n<p>Ya se conocen los 20 finalistas de la<strong> III edici\u00f3n del Programa de Aceleraci\u00f3n<\/strong> de los viveros de empresas de Villaverde y Carabanchel, conocidos como <strong>#AceleraCarabanchel<\/strong><strong>\u00a0<\/strong>y<strong> #AceleraVillaverde<\/strong>.<\/p>\n<p>Este programa, puesto en marcha por Madrid Emprende, tiene una duraci\u00f3n de cuatro meses (de octubre a enero) y pretende acompa\u00f1ar y mentorizar a las nuevas ideas de negocio seleccionadas para potenciar su crecimiento y su lanzamiento al mercado.<\/p>\n<p>Los proyectos finalistas contar\u00e1n con formaciones especializadas y <em>coaching<\/em> acordes a sus necesidades y debilidades, con tutor\u00edas personalizadas, <strong>encuentros de <em>networking<\/em> con potenciales clientes e inversores<\/strong>, adem\u00e1s de poder hacer uso de las instalaciones de los viveros.<\/p>\n<p>Al final del programa, los proyectos seleccionados tendr\u00e1n la oportunidad de presentar su idea ante diversos agentes del ecosistema emprendedor en un <strong>Demo Day,<\/strong> que tendr\u00e1 lugar el <strong>30 de enero en el vivero de Villaverde<\/strong> y el <strong>31 del mismo mes en el vivero de Carabanchel<\/strong>.<\/p>\n<h3>Criterios de selecci\u00f3n<\/h3>\n<p>Para la selecci\u00f3n de los proyectos se ha tenido en cuenta la viabilidad de la idea de negocio, el grado de innovaci\u00f3n y su car\u00e1cter tecnol\u00f3gico, as\u00ed como el perfil del equipo promotor y grado de escalabilidad.<\/p>\n<p>Todos los proyectos contar\u00e1n con el apoyo necesario para hacer despegar sus proyectos mediante sesiones grupales e individuales siguiendo la misma verticalidad en los perfiles seleccionados.<\/p>\n<h3>Finalistas de esta edici\u00f3n #AceleraCarabanchel<\/h3>\n<ul>\n<li><strong>Qualidrops: <\/strong>soluciones para encontrar los puntos de dolor o de fallos sist\u00e9micos en procesos y servicios en la empresa.<\/li>\n<li><strong>Dendron Neuro Technologies SL:<\/strong>\u00a0wearable neurotecnol\u00f3gico para el consumidor con el fin de diagnosticar, paliar y tratar s\u00edntomas de diversas psicopatolog\u00edas.<\/li>\n<li><strong>Slowpastry: <\/strong>pasteler\u00eda que pretende hacer comunidad, con actividades de empresas y eventos.<\/li>\n<li><strong>Sim\u00f3n Dice: <\/strong>aplicaci\u00f3n que ayuda a la conciliaci\u00f3n familiar mediante la organizaci\u00f3n de actividades priorizando din\u00e1micas y juegos de cooperaci\u00f3n.<\/li>\n<li><strong>Vive tu Urba: <\/strong>aplicaci\u00f3n m\u00f3vil que ayuda a mejorar y facilitar la convivencia y las relaciones entre vecinos.<\/li>\n<li><strong>LIFEON: <\/strong>aplicaci\u00f3n que ofrece planes para crear h\u00e1bitos saludables.<\/li>\n<li><strong>APARKALO: <\/strong><em>marketplace<\/em> para el alquiler de media y larga duraci\u00f3n de plazas de garaje que se encuentran en aparcamientos privados o p\u00fablicos.<\/li>\n<li><strong>Ophthademy: <\/strong>plataforma que busca lograr una formaci\u00f3n de residentes de oftalmolog\u00eda de calidad.<\/li>\n<li><strong>Foresta Cloud: <\/strong>sistema de hosting manejado que busca convertir el alojamiento web en f\u00e1cil y accesible.<\/li>\n<li><strong>Mountain Live Travel: <\/strong>agencia de viajes especializada en bicicletas de monta\u00f1a y en nieve.<\/li>\n<\/ul>\n<h3>Finalistas de esta edici\u00f3n #AceleraVillaverde<\/h3>\n<ul>\n<li><strong>FlySurf:<\/strong>\u00a0plataforma especializada en venta de tablas de surf a nivel internacional.<\/li>\n<li><strong>Fidestamp:<\/strong>\u00a0empresa experta en tecnolog\u00eda enfocada en Blockchain y digitalizaci\u00f3n de contenidos.<\/li>\n<li><strong>Pets and Cork: <\/strong>complementos ecol\u00f3gicos para mascotas hecho de corcho y algod\u00f3n fabricados en talleres locales.<\/li>\n<li><strong>Gransliving: <\/strong>plataforma especializada en brindar servicio social a personas mayores.<\/li>\n<li><strong>Frambua: <\/strong>marca de ropa de mujer, moda y calzado.<\/li>\n<li><strong>Intangible:<\/strong>\u00a0plataforma que impulsa nuevas formas de arte utilizando arte generativo por inteligencia artificial y computaci\u00f3n cu\u00e1ntica.<\/li>\n<li><strong>Virtual Vendor V\u00eddeo: <\/strong>plataforma SaaS que llega para democratizar el acceso al video como herramienta novedosa y contribuir a su digitalizaci\u00f3n.<\/li>\n<li><strong>FAMILY TRIBU: <\/strong>comunidad online de colaboraci\u00f3n entre familias que tienen menores;<\/li>\n<li><strong>El vaso verde: <\/strong>plataforma de gesti\u00f3n de vasos reutilizables en grandes eventos,<\/li>\n<li><strong>DyP Mediadores: <\/strong>creaci\u00f3n de un programa multidisciplinar para centros educativos con el objetivo de cuidar la salud mental.<\/li>\n<\/ul>\n<p>&nbsp;<\/p>\n<hr \/>\n<h2>Inscripciones para la IV edici\u00f3n<\/h2>\n<p>La <strong>IV edici\u00f3n de #AceleraCarabanchel\u00a0y #AceleraVillaverde<\/strong>\u00a0comenzar\u00e1 en el mes de <strong>marzo del 2023<\/strong> y terminar\u00e1 en junio del 2023, no obstante, las inscripciones est\u00e1n abiertas para que cualquier emprendedor interesado pueda presentar su candidatura.<\/p>\n<p><a href=\"https:\/\/aceleracarabanchel.appcink.com\/inscribete\/\" target=\"_blank\" rel=\"noopener\">Inscr\u00edbete en #AceleraCarabanchel<\/a><\/p>\n<p><a href=\"https:\/\/aceleravillaverde.appcink.com\/inscribete\/\" target=\"_blank\" rel=\"noopener\">Inscr\u00edbete en #AceleraVillaverde <\/a>\u00a0<strong>\u00a0<\/strong><\/p>\n","protected":false},"excerpt":{"rendered":"<p>Con una duraci\u00f3n de cuatro meses (de octubre a enero), este programa pretende acompa\u00f1ar y mentorizar a las nuevas ideas de negocio seleccionadas para potenciar su crecimiento y su lanzamiento al mercado.<\/p>\n","protected":false},"featured_media":11340,"template":"","meta":{"_acf_changed":false},"categories":[317],"noticias":[216,217,215],"class_list":["post-11339","noticias","type-noticias","status-publish","has-post-thumbnail","hentry","category-noticias","noticias-acelera-carabanchel","noticias-acelera-villaverde","noticias-programa-de-aceleracion"],"acf":[],"_links":{"self":[{"href":"https:\/\/test.madridemprende.anovagroup.es\/en\/wp-json\/wp\/v2\/noticias\/11339"}],"collection":[{"href":"https:\/\/test.madridemprende.anovagroup.es\/en\/wp-json\/wp\/v2\/noticias"}],"about":[{"href":"https:\/\/test.madridemprende.anovagroup.es\/en\/wp-json\/wp\/v2\/types\/noticias"}],"version-history":[{"count":0,"href":"https:\/\/test.madridemprende.anovagroup.es\/en\/wp-json\/wp\/v2\/noticias\/11339\/revisions"}],"wp:featuredmedia":[{"embeddable":true,"href":"https:\/\/test.madridemprende.anovagroup.es\/en\/wp-json\/wp\/v2\/media\/11340"}],"wp:attachment":[{"href":"https:\/\/test.madridemprende.anovagroup.es\/en\/wp-json\/wp\/v2\/media?parent=11339"}],"wp:term":[{"taxonomy":"category","embeddable":true,"href":"https:\/\/test.madridemprende.anovagroup.es\/en\/wp-json\/wp\/v2\/categories?post=11339"},{"taxonomy":"noticias","embeddable":true,"href":"https:\/\/test.madridemprende.anovagroup.es\/en\/wp-json\/wp\/v2\/noticias?post=11339"}],"curies":[{"name":"wp","href":"https:\/\/api.w.org\/{rel}","templated":true}]}}