{"id":11381,"date":"2022-10-27T18:42:13","date_gmt":"2022-10-27T16:42:13","guid":{"rendered":"https:\/\/pre.madridemprende.anovagroup.es\/?post_type=noticias&#038;p=11381"},"modified":"2022-10-27T18:43:51","modified_gmt":"2022-10-27T16:43:51","slug":"angel-nino-visita-el-vivero-de-empresas-de-puente-de-vallecas","status":"publish","type":"noticias","link":"https:\/\/test.madridemprende.anovagroup.es\/en\/noticias\/angel-nino-visita-el-vivero-de-empresas-de-puente-de-vallecas\/","title":{"rendered":"\u00c1ngel Ni\u00f1o visita el vivero de empresas de Puente de Vallecas"},"content":{"rendered":"<ul>\n<li><strong>El concejal delegado de Innovaci\u00f3n y Emprendimiento ha visitado esta ma\u00f1ana las instalaciones del vivero de empresas de Puente de Vallecas<\/strong><\/li>\n<\/ul>\n<p>&nbsp;<\/p>\n<p>\u00c1ngel Ni\u00f1o, concejal delegado de <a href=\"https:\/\/www.madrid.es\/portales\/munimadrid\/es\/Inicio\/Educacion-y-empleo\/Empleo\/Direcciones-y-telefonos\/Area-Delegada-de-Innovacion-y-Emprendimiento\/?vgnextfmt=default&amp;vgnextoid=32a17421b274c610VgnVCM2000001f4a900aRCRD&amp;vgnextchannel=3954c5dee78fe410VgnVCM1000000b205a0aRCRD\" target=\"_blank\" rel=\"noopener\">Innovaci\u00f3n y Emprendimiento<\/a> del Ayuntamiento de Madrid, ha visitado esta ma\u00f1ana las instalaciones del <a href=\"https:\/\/pre.madridemprende.anovagroup.es\/viveros\/vivero-de-pte-vallecas\/\">vivero de empresas de Puente de Vallecas<\/a>.<\/p>\n<p>Durante la visita ha podido hablar con los empresarios all\u00ed instalados y conocer, de primera mano, los proyectos e iniciativas empresariales de las startups residentes como, por ejemplo, desarrollos de software en el sector de la seguridad ciudadana.<\/p>\n<p>En las conversaciones con los emprendedores del vivero de Puente de Vallecas, \u00c1ngel Ni\u00f1o ha destacado los espacios de <em>coworking<\/em> que ofrece Madrid Emprende, a trav\u00e9s de la red de viveros en toda la capital, como una herramienta destacada y bien valorada por el \u00e1mbito emprendedor.<\/p>\n<p>En este sentido, Ni\u00f1o ha explicado la voluntad de crear programas espec\u00edficos para las empresas de la ciudad.<\/p>\n<p>A las diez de la ma\u00f1ana, el concejal delegado tambi\u00e9n ha participado en el evento que hab\u00eda programado en el vivero: un <em>coffee break<\/em> con Jos\u00e9 Mar\u00eda Naranjo.<\/p>\n<p>Naranjo es analista sensorial, sumiller, formador y gran conocedor del sector del vino en Espan\u0303a. Adem\u00e1s, es experto en protocolo y comunicaci\u00f3n.<\/p>\n","protected":false},"excerpt":{"rendered":"<p>\u00c1ngel Ni\u00f1o, concejal delegado de Innovaci\u00f3n y Emprendimiento del Ayuntamiento de Madrid, ha visitado este jueves 27 de octubre las instalaciones del vivero de empresas de Puente de Vallecas.<\/p>\n","protected":false},"featured_media":11382,"template":"","meta":{"_acf_changed":false},"categories":[317],"noticias":[220,222,221],"class_list":["post-11381","noticias","type-noticias","status-publish","has-post-thumbnail","hentry","category-noticias","noticias-angel-nino","noticias-vallecas","noticias-vivero"],"acf":[],"_links":{"self":[{"href":"https:\/\/test.madridemprende.anovagroup.es\/en\/wp-json\/wp\/v2\/noticias\/11381"}],"collection":[{"href":"https:\/\/test.madridemprende.anovagroup.es\/en\/wp-json\/wp\/v2\/noticias"}],"about":[{"href":"https:\/\/test.madridemprende.anovagroup.es\/en\/wp-json\/wp\/v2\/types\/noticias"}],"version-history":[{"count":0,"href":"https:\/\/test.madridemprende.anovagroup.es\/en\/wp-json\/wp\/v2\/noticias\/11381\/revisions"}],"wp:featuredmedia":[{"embeddable":true,"href":"https:\/\/test.madridemprende.anovagroup.es\/en\/wp-json\/wp\/v2\/media\/11382"}],"wp:attachment":[{"href":"https:\/\/test.madridemprende.anovagroup.es\/en\/wp-json\/wp\/v2\/media?parent=11381"}],"wp:term":[{"taxonomy":"category","embeddable":true,"href":"https:\/\/test.madridemprende.anovagroup.es\/en\/wp-json\/wp\/v2\/categories?post=11381"},{"taxonomy":"noticias","embeddable":true,"href":"https:\/\/test.madridemprende.anovagroup.es\/en\/wp-json\/wp\/v2\/noticias?post=11381"}],"curies":[{"name":"wp","href":"https:\/\/api.w.org\/{rel}","templated":true}]}}