{"id":11404,"date":"2022-11-02T14:10:27","date_gmt":"2022-11-02T13:10:27","guid":{"rendered":"https:\/\/pre.madridemprende.anovagroup.es\/?post_type=noticias&#038;p=11404"},"modified":"2022-11-02T14:10:27","modified_gmt":"2022-11-02T13:10:27","slug":"kit-digital-tercera-convocatoria-del-programa-de-ayudas","status":"publish","type":"noticias","link":"https:\/\/test.madridemprende.anovagroup.es\/en\/noticias\/kit-digital-tercera-convocatoria-del-programa-de-ayudas\/","title":{"rendered":"Kit Digital, tercera convocatoria del programa de ayudas"},"content":{"rendered":"<ul>\n<li><strong>Desde el pasado 20 de octubre y durante doce meses, los profesionales interesados podr\u00e1n presentar su solicitud<\/strong><\/li>\n<li><strong>Ayudas destinadas a la digitalizaci\u00f3n de peque\u00f1as empresas de entre 0 y menos de 3 empleados<\/strong><\/li>\n<li><strong>La tramitaci\u00f3n es a trav\u00e9s de la sede electr\u00f3nica de Red.es<\/strong><\/li>\n<\/ul>\n<p><strong>\u00a0<\/strong><\/p>\n<p>Red.es publica la tercera convocatoria de ayudas del segmento III, <strong>destinadas a la digitalizaci\u00f3n de peque\u00f1as empresas de entre 0 y menos de 3 empleados.<\/strong><\/p>\n<p>Esta tercera convocatoria cuenta con un<strong> presupuesto inicial de 500 millones de euros<\/strong> y tiene por finalidad la <strong>mejora de la competitividad y del nivel de madurez digital de empresas<\/strong> de este segmento.<\/p>\n<h2>Objetivos<\/h2>\n<p>La cuant\u00eda de la ayuda para este segmento ser\u00e1 de <strong>2.000 euros <\/strong>y con ella las pymes y aut\u00f3nomos podr\u00e1n adquirir las soluciones de digitalizaci\u00f3n para \u00e1reas clave como:<\/p>\n<ul>\n<li>Sitio web y presencia en internet, gesti\u00f3n de redes sociales, comercio electr\u00f3nico.<\/li>\n<li>Gesti\u00f3n de clientes.<\/li>\n<li>Servicios y herramientas de oficina virtual, inteligencia empresarial y anal\u00edtica, gesti\u00f3n de procesos, factura electr\u00f3nica, comunicaciones seguras, ciberseguridad.<\/li>\n<li>Dos nuevas soluciones de digitalizaci\u00f3n que se a\u00f1adieron con la modificaci\u00f3n de la orden de bases: presencia avanzada en internet y <em>marketplace<\/em>.<\/li>\n<\/ul>\n<h2>Plazo<\/h2>\n<p>Desde el 20 de octubre, las peque\u00f1as empresas de entre 0 y menos de 3 empleados puedan solicitar la ayuda del programa Kit Digital.<\/p>\n<p>El plazo para presentar las solicitudes se mantendr\u00e1 abierto durante <strong>12 meses<\/strong>.<\/p>\n<h2>C\u00f3mo solicitar la ayuda<\/h2>\n<ol>\n<li>Registrarse en el \u00e1rea privada de <a href=\"http:\/\/www.acelerapyme.es\/\" target=\"_blank\" rel=\"noopener\">www.acelerapyme.es<\/a> y completar el test de autodiagn\u00f3stico digital que no lleva m\u00e1s de 10 minutos.<\/li>\n<li>Consultar la informaci\u00f3n disponible de las soluciones de digitalizaci\u00f3n del programa Kit Digital, donde se podr\u00e1 escoger una o varias de las que se indican en el cat\u00e1logo que se puede consultar en <a href=\"https:\/\/www.acelerapyme.es\/\" target=\"_blank\" rel=\"noopener\" data-extlink=\"\" data-insuit-uuid=\"5684bc72-d83c-41da-9f97-be61b53aeabc\">www.acelerapyme.es<\/a>.<\/li>\n<li>Solicitar la ayuda en la <a href=\"https:\/\/sede.red.gob.es\/\" target=\"_blank\" rel=\"noopener\">sede electr\u00f3nica de Red.es<\/a>.<\/li>\n<\/ol>\n<h2>Agentes digitalizadores<\/h2>\n<p>Actualmente, el cat\u00e1logo de agentes digitalizadores est\u00e1 compuesto por m\u00e1s de 9.300 agentes adheridos.<\/p>\n<p>Los agentes digitalizadores son los \u00fanicos habilitados para suscribir \u201cacuerdos de prestaci\u00f3n de soluciones de digitalizaci\u00f3n\u201d con las empresas beneficiarias de las ayudas del programa Kit Digital y titulares del bono digital, y podr\u00e1n colaborar en el proceso de solicitud de las ayudas siendo tambi\u00e9n representantes voluntarios, as\u00ed como en las actuaciones de control que se deriven de las mismas.<\/p>\n<p>Adem\u00e1s, ser\u00e1n ellos los que presenten toda la documentaci\u00f3n justificativa y los que reciban el pago del bono digital cedido por el beneficiario, una vez se haya aceptado su justificaci\u00f3n.<\/p>\n<hr \/>\n<p>&nbsp;<\/p>\n<p>Consulta la <a href=\"https:\/\/boe.es\/boe\/dias\/2022\/10\/12\/pdfs\/BOE-B-2022-31240.pdf\" target=\"_blank\" rel=\"noopener\">convocatoria \u00edntegra<\/a><\/p>\n<p>Tambi\u00e9n te puede interesar <a href=\"https:\/\/pre.madridemprende.anovagroup.es\/noticias\/kit-digital-para-microempresas\/\">Kit digital para microempresas<\/a><\/p>\n","protected":false},"excerpt":{"rendered":"<p>Desde el pasado 20 de octubre y durante doce meses, las empresas y los profesionales interesados podr\u00e1n presentar su solicitud. La tramitaci\u00f3n es a trav\u00e9s de la sede electr\u00f3nica de Red.es<\/p>\n","protected":false},"featured_media":11405,"template":"","meta":{"_acf_changed":false},"categories":[319],"noticias":[196,225],"class_list":["post-11404","noticias","type-noticias","status-publish","has-post-thumbnail","hentry","category-noticias-y-blog","noticias-kit-digital","noticias-red-es"],"acf":[],"_links":{"self":[{"href":"https:\/\/test.madridemprende.anovagroup.es\/en\/wp-json\/wp\/v2\/noticias\/11404"}],"collection":[{"href":"https:\/\/test.madridemprende.anovagroup.es\/en\/wp-json\/wp\/v2\/noticias"}],"about":[{"href":"https:\/\/test.madridemprende.anovagroup.es\/en\/wp-json\/wp\/v2\/types\/noticias"}],"version-history":[{"count":0,"href":"https:\/\/test.madridemprende.anovagroup.es\/en\/wp-json\/wp\/v2\/noticias\/11404\/revisions"}],"wp:featuredmedia":[{"embeddable":true,"href":"https:\/\/test.madridemprende.anovagroup.es\/en\/wp-json\/wp\/v2\/media\/11405"}],"wp:attachment":[{"href":"https:\/\/test.madridemprende.anovagroup.es\/en\/wp-json\/wp\/v2\/media?parent=11404"}],"wp:term":[{"taxonomy":"category","embeddable":true,"href":"https:\/\/test.madridemprende.anovagroup.es\/en\/wp-json\/wp\/v2\/categories?post=11404"},{"taxonomy":"noticias","embeddable":true,"href":"https:\/\/test.madridemprende.anovagroup.es\/en\/wp-json\/wp\/v2\/noticias?post=11404"}],"curies":[{"name":"wp","href":"https:\/\/api.w.org\/{rel}","templated":true}]}}