{"id":12432,"date":"2023-01-26T09:30:37","date_gmt":"2023-01-26T08:30:37","guid":{"rendered":"https:\/\/pre.madridemprende.anovagroup.es\/?post_type=noticias&#038;p=12432"},"modified":"2023-01-26T10:29:45","modified_gmt":"2023-01-26T09:29:45","slug":"finalistas-del-primer-programa-de-aceleracion-vicalvaro-y-san-blas","status":"publish","type":"noticias","link":"https:\/\/test.madridemprende.anovagroup.es\/en\/noticias\/finalistas-del-primer-programa-de-aceleracion-vicalvaro-y-san-blas\/","title":{"rendered":"Finalistas del primer Programa de Aceleraci\u00f3n &#8211; Vic\u00e1lvaro y San Blas"},"content":{"rendered":"<ul>\n<li><strong>Los finalistas comenzar\u00e1n un intenso programa de 4 meses de formaci\u00f3n y acompa\u00f1amiento en los viveros de empresas<\/strong><\/li>\n<li><strong>Tras el \u00e9xito de participaci\u00f3n en esta primera edici\u00f3n, est\u00e1 abierto el plazo para la 2.\u00aa edici\u00f3n hasta el 31 de enero<\/strong><\/li>\n<\/ul>\n<p>&nbsp;<\/p>\n<h2><strong>El Programa de Aceleraci\u00f3n de Vic\u00e1lvaro y San Blas se pone en marcha<\/strong><\/h2>\n<p>El <strong>1.<sup>er<\/sup><\/strong><strong><sup>\u00a0<\/sup><\/strong><strong>Programa de Aceleraci\u00f3n de los viveros de empresas de Vic\u00e1lvaro y San Blas, <\/strong>iniciativa promovida desde el \u00c1rea de Delegada de Innovaci\u00f3n y Emprendimiento del Ayuntamiento de Madrid, se pone en marcha.<\/p>\n<p>En esta edici\u00f3n contamos con <strong>20 proyectos finalistas<\/strong> que podr\u00e1n disfrutar durante 4 meses de un acompa\u00f1amiento especializado, un servicio de mentorizaci\u00f3n y una gran variedad de formaciones a cargo de grandes profesionales acordes a sus necesidades. El objetivo de este programa es ayudarles en el impulso de sus ideas de negocio, para poder potenciar su crecimiento y apoyo en el lanzamiento de idea al mercado.<\/p>\n<p>Este programa de aceleraci\u00f3n, totalmente <strong>gratuito,<\/strong> cuenta con una gran variedad de actividades para el apoyo y el fomento al emprendimiento de nuestros seleccionados. Podr\u00e1n disponer de espacios de trabajo flexibles con accesos a servicios multimedia, <strong>sesiones de <em>mentoring<\/em><\/strong> con el objetivo de apoyar a la maduraci\u00f3n y definici\u00f3n de su idea y <strong>tutor\u00edas<\/strong> totalmente personalizadas. Adem\u00e1s, tendr\u00e1n la oportunidad de asistir a encuentros de <strong><em>networking<\/em><\/strong> con potenciales clientes e inversores lo que les permitir\u00e1 crear fuertes lazos y sinergias con toda la comunidad emprendedora.<\/p>\n<p>Los proyectos seleccionados tendr\u00e1n la oportunidad de presentar su idea ante los diversos agentes del ecosistema emprendedor en un <strong>Demo Day<\/strong> que tendr\u00e1 lugar para ambos programas en el vivero de Vic\u00e1lvaro, los d\u00edas <strong>25 y 26 de abril<\/strong>. Todos los finalistas expondr\u00e1n ante un jurado mediante un <strong><em>pitch<\/em><\/strong> su idea de negocio y habr\u00e1 un proyecto ganador.<\/p>\n<h2><strong>Conoce a los proyectos finalistas<\/strong><\/h2>\n<h3>Finalistas del Programa de Aceleraci\u00f3n del vivero de empresas de Vic\u00e1lvaro<\/h3>\n<ul>\n<li><strong>NextPlay;<\/strong> plataforma de orientaci\u00f3n acad\u00e9mica y laboral.<\/li>\n<li><strong>Yungle; <\/strong>red social para seguir, interactuar y conocer a gente en grupo.<\/li>\n<li><strong>Ufo; <\/strong>plataforma para desarrollar juegos online gamificados y personalizados para empresas.<\/li>\n<li><strong>Pawers; <\/strong>app y dispositivo para la localizaci\u00f3n de mascotas en tiempo real.<\/li>\n<li><strong>Careline; <\/strong>tecnolog\u00eda que permite a las personas mayores estar conectadas a trav\u00e9s de un dispositivo que s\u00ed les es conocido.<\/li>\n<li><strong>Fander Libeat; <\/strong><em>marketplace<\/em> de m\u00fasicos y dj para eventos.<\/li>\n<li><strong>Ocio Moda; <\/strong><em>ecommerce<\/em> de camisetas para hombres que no tienen cuerpos esbeltos.<\/li>\n<li><strong>Eureka Soluciones Tecnol\u00f3gicas; <\/strong>venta de gafas de realidad virtual de cart\u00f3n personalizadas.<\/li>\n<li><strong>Agosto Studio; <\/strong><em>ecommerce <\/em>de ropa de ba\u00f1o femenina para j\u00f3venes atrevidas, fabricados en Espa\u00f1a con material reciclado.<\/li>\n<li><strong>UrbaMate; <\/strong>app para gestionar la reserva de instalaciones de uso com\u00fan en las comunidades de vecinos.<\/li>\n<\/ul>\n<h3>Finalistas del Programa de Aceleraci\u00f3n del vivero de empresas de San Blas<\/h3>\n<ul>\n<li><strong>Wiper Gaming;<\/strong> plataforma de <em>e-learning<\/em> para <em>gamers<\/em>.<\/li>\n<li><strong>Kubik; <\/strong>aplicaci\u00f3n y pasarela de pago para hacer pagos compartidos.<\/li>\n<li><strong>Life Games; <\/strong>plataforma de videojuegos de habilidad para competir y apostar entre los jugadores a trav\u00e9s de tokens.<\/li>\n<li><strong>Ctrading; <\/strong>plataforma <em>online<\/em> de marca blanca para profesores, academias e <em>influencers<\/em> del trading de criptomonedas.<\/li>\n<li><strong>Acierta Psicolog\u00eda; <\/strong>escuela online de entrenamiento en habilidades parentales para la estabilidad y felicidad familiar.<\/li>\n<li><strong>Cresory; <\/strong>plataforma de <em>e-learning<\/em> para ense\u00f1ar finanzas personales a ni\u00f1os.<\/li>\n<li><strong>Be Your Packer; <\/strong>cajas de cart\u00f3n para env\u00edos personalizadas en cuanto a medidas y dise\u00f1o.<\/li>\n<li><strong>Filmanidad; <\/strong>escuela <em>online <\/em>de cine, con formaci\u00f3n para futuros actores y otras especialidades online.<\/li>\n<li><strong>Adeoliva; <\/strong><em>ecommerce<\/em> de productos relacionados con el aceite de oliva virgen espa\u00f1ol.<\/li>\n<li><strong>Martina Maletti; <\/strong>tienda de moda de dise\u00f1o para mujer, sostenible y con personalizaci\u00f3n.<\/li>\n<\/ul>\n<h2><strong>2.\u00aa edici\u00f3n del Programa de Aceleraci\u00f3n<\/strong><\/h2>\n<p>Tras el \u00e9xito de convocatoria de esta primera edici\u00f3n, ya est\u00e1 puesta en marcha la <strong>2.\u00aa edici\u00f3n del Programa de Aceleraci\u00f3n<\/strong> para la presentaci\u00f3n de candidaturas. Los proyectos y empresas con inter\u00e9s de participar en los programas del vivero de empresas de Vic\u00e1lvaro y San Blas <strong>deber\u00e1n presentar su inscripci\u00f3n antes del<\/strong> <strong>31 de enero.<\/strong><\/p>\n<p>La segunda edici\u00f3n se desarrollar\u00e1 entre los meses <strong>de<\/strong> <strong>marzo a junio de 2023<\/strong>. Los requisitos que se tienen en cuenta a la hora de la selecci\u00f3n de proyectos son su grado de innovaci\u00f3n, su viabilidad de idea de negocio y su car\u00e1cter tecnol\u00f3gico. Todos los proyectos seleccionados contar\u00e1n al igual que en ediciones anteriores con todo el acompa\u00f1amiento y tutorizaci\u00f3n especializada necesaria para impulsar su idea de negocio.<\/p>\n<p>Toda la <strong>informaci\u00f3n sobre los programas<\/strong> de aceleraci\u00f3n de la segunda edici\u00f3n est\u00e1 disponible en las siguientes webs:<\/p>\n<ul>\n<li><a href=\"https:\/\/pre.madridemprende.anovagroup.es\/aceleracion-de-vicalvaro\/\">Programa de aceleraci\u00f3n del <strong>vivero de Vic\u00e1lvaro<\/strong><\/a><\/li>\n<li><a href=\"https:\/\/pre.madridemprende.anovagroup.es\/aceleracion-de-san-blas\/\">Programa de aceleraci\u00f3n del <strong>vivero de San Blas<\/strong><\/a><\/li>\n<\/ul>\n<h2><strong>Red de viveros de empresas #MadridEmprende, espacios \u00fanicos para emprender<\/strong><\/h2>\n<p>Estos programas de aceleraci\u00f3n se encuentran dentro de <strong>nuestra red de viveros de empresas <\/strong>que el Ayuntamiento de Madrid pone a disposici\u00f3n de la ciudadan\u00eda. En los viveros se ofrecen todo tipo de <strong>asesoramientos a emprendedores<\/strong>, ciclos formativos de todo tipo de tem\u00e1ticas, <strong>preincubaci\u00f3n, espacios de <em>coworking<\/em><\/strong> y la posibilidad de disponer de un <strong>despacho<\/strong>.<\/p>\n<p>Adem\u00e1s, se realizan otro tipo de actividades de <strong><em>networking,<\/em> conferencias o mesas redondas<\/strong> de diversas tem\u00e1ticas acordes con las necesidades de los emprendedores. Estos servicios y espacios van dirigidos para todas aquellas micropymes, pymes, <em>startups <\/em>o proyectos de emprendimiento que busquen poder crecer y desarrollar su idea con <strong>ayuda especializada y acompa\u00f1amiento experto<\/strong>.<\/p>\n","protected":false},"excerpt":{"rendered":"<p>Los finalistas comenzar\u00e1n un intenso programa de 4 meses de formaci\u00f3n y acompa\u00f1amiento en los viveros de empresas de Vic\u00e1lvaro y de San Blas. Tras el \u00e9xito de participaci\u00f3n en esta primera edici\u00f3n, est\u00e1 abierto el plazo de la 2.\u00aa edici\u00f3n hasta el pr\u00f3ximo martes 31 de enero.<\/p>\n","protected":false},"featured_media":12441,"template":"","meta":{"_acf_changed":false},"categories":[317],"noticias":[215,258,257],"class_list":["post-12432","noticias","type-noticias","status-publish","has-post-thumbnail","hentry","category-noticias","noticias-programa-de-aceleracion","noticias-san-blas","noticias-vicalvaro"],"acf":[],"_links":{"self":[{"href":"https:\/\/test.madridemprende.anovagroup.es\/en\/wp-json\/wp\/v2\/noticias\/12432"}],"collection":[{"href":"https:\/\/test.madridemprende.anovagroup.es\/en\/wp-json\/wp\/v2\/noticias"}],"about":[{"href":"https:\/\/test.madridemprende.anovagroup.es\/en\/wp-json\/wp\/v2\/types\/noticias"}],"version-history":[{"count":0,"href":"https:\/\/test.madridemprende.anovagroup.es\/en\/wp-json\/wp\/v2\/noticias\/12432\/revisions"}],"wp:featuredmedia":[{"embeddable":true,"href":"https:\/\/test.madridemprende.anovagroup.es\/en\/wp-json\/wp\/v2\/media\/12441"}],"wp:attachment":[{"href":"https:\/\/test.madridemprende.anovagroup.es\/en\/wp-json\/wp\/v2\/media?parent=12432"}],"wp:term":[{"taxonomy":"category","embeddable":true,"href":"https:\/\/test.madridemprende.anovagroup.es\/en\/wp-json\/wp\/v2\/categories?post=12432"},{"taxonomy":"noticias","embeddable":true,"href":"https:\/\/test.madridemprende.anovagroup.es\/en\/wp-json\/wp\/v2\/noticias?post=12432"}],"curies":[{"name":"wp","href":"https:\/\/api.w.org\/{rel}","templated":true}]}}