{"id":12471,"date":"2023-02-02T09:12:05","date_gmt":"2023-02-02T08:12:05","guid":{"rendered":"https:\/\/pre.madridemprende.anovagroup.es\/?post_type=noticias&#038;p=12471"},"modified":"2023-02-02T15:49:44","modified_gmt":"2023-02-02T14:49:44","slug":"broche-final-del-programa-de-aceleracion-de-villaverde-y-carabanchel","status":"publish","type":"noticias","link":"https:\/\/test.madridemprende.anovagroup.es\/en\/noticias\/broche-final-del-programa-de-aceleracion-de-villaverde-y-carabanchel\/","title":{"rendered":"Broche final del programa de aceleraci\u00f3n de Villaverde y Carabanchel"},"content":{"rendered":"<ul>\n<li><strong>Los proyectos finalistas presentaron su negocio ante un jurado de expertos y la comunidad de Madrid Emprende<\/strong><\/li>\n<li><strong>Los proyectos de Vendor Video y Ophthademy obtuvieron el reconocimiento al mejor <em>pitch<\/em><\/strong><\/li>\n<\/ul>\n<p>&nbsp;<\/p>\n<p>Los d\u00edas 30 y 31 de enero tuvieron lugar los eventos de <strong>Demo Day<\/strong> de la III edici\u00f3n del Programa de Aceleraci\u00f3n <strong><a href=\"https:\/\/pre.madridemprende.anovagroup.es\/viveros\/vivero-de-villaverde\/\">#AceleraVillaverde<\/a> y <a href=\"https:\/\/pre.madridemprende.anovagroup.es\/viveros\/vivero-de-carabanchel\/\">#AceleraCarabanchel<\/a><\/strong>.<\/p>\n<p>Las candidaturas finalistas tuvieron la oportunidad de presentar sus proyectos en formato <strong><em>elevator pitch<\/em><\/strong> y recibir el <em>feedback<\/em> individualizado por parte del <strong>jurado de expertos<\/strong>, compuesto por Alberto Moratiel, Isabel Kofoed, Joao Marques dos Santos, Ignacio Men\u00e9ndez Ros y Ignacio de Miguel Xim\u00e9nez.<\/p>\n<p>El evento cont\u00f3 con la participaci\u00f3n de <strong>\u00c1ngel Ni\u00f1o<\/strong>, concejal delegado del \u00c1rea de Innovaci\u00f3n y Emprendimiento del Ayuntamiento de Madrid, y de <strong>Concha Chapa<\/strong>, concejal del distrito de Villaverde.<\/p>\n<p>Ambos fueron los encargados de hacer entrega de los reconocimientos al \u201c<strong>Mejor <em>pitch<\/em><\/strong>\u201d que fueron para los proyectos <strong>Vendor Video y Ophthademy. <\/strong>Adem\u00e1s, clausuraron el acto, animando a los emprendedores participantes del programa a no rendirse y seguir apoy\u00e1ndose en el ecosistema emprendedor de Madrid.<\/p>\n<p>Estos <strong>programas de aceleraci\u00f3n<\/strong> de los viveros de empresas de Villaverde y de Carabanchel ha consistido en 4 meses intensos, en los que los finalistas han podido contar con formaciones espec\u00edficas, sesiones de <em>mentoring<\/em> y encuentros para fomentar habilidades comunicativas y de liderazgo.<\/p>\n<h3>Los proyectos finalistas de esta III edici\u00f3n de #AceleraVillaverde han sido:<\/h3>\n<ul>\n<li>Fly Surf<\/li>\n<li>Fidestamp<\/li>\n<li>Pets and Cork<\/li>\n<li>Intangible<\/li>\n<li>Vitual Vendor<\/li>\n<li>Educaring<\/li>\n<li>Family Tribu<\/li>\n<li>El Vaso Verde<\/li>\n<li>Frambua<\/li>\n<li>Gransliving<\/li>\n<\/ul>\n<h3>Los proyectos finalistas de esta III edici\u00f3n de #AceleraCarabanchel han sido:<\/h3>\n<ul>\n<li>Foresta<\/li>\n<li>Safety Kids Manager<\/li>\n<li>Slow Pastry<\/li>\n<li>Qualidrops<\/li>\n<li>Lifeon<\/li>\n<li>Dendron<\/li>\n<li>Ophthademy<\/li>\n<li>Vive tu urba<\/li>\n<li>Mountain Live Travel<\/li>\n<li>Ap\u00e1rkalo<\/li>\n<\/ul>\n<p>Los asistentes pudieron conocer todos los <strong>proyectos finalistas<\/strong> mediante una presentaci\u00f3n que realizaron cada uno de ellos, as\u00ed como las preguntas que los diferentes miembros del jurado lanzaron a los emprendedores fundadores.<\/p>\n<h2>Ya est\u00e1 en marcha la IV edici\u00f3n de los programas de aceleraci\u00f3n<\/h2>\n<p>Arranca el <strong>IV Programa de Aceleraci\u00f3n<\/strong> en estos dos viveros de empresas de Madrid Emprende, que se extender\u00e1 hasta el mes de junio, con diez nuevos proyectos e ideas de negocio en cada vivero.<\/p>\n","protected":false},"excerpt":{"rendered":"<p>Los proyectos finalistas presentaron su negocio ante un jurado de expertos y la comunidad de Madrid Emprende. Los proyectos de Vendor Video y Ophthademy obtuvieron el reconocimiento al mejor pitch de esta edici\u00f3n.<\/p>\n","protected":false},"featured_media":12472,"template":"","meta":{"_acf_changed":false},"categories":[317],"noticias":[215],"class_list":["post-12471","noticias","type-noticias","status-publish","has-post-thumbnail","hentry","category-noticias","noticias-programa-de-aceleracion"],"acf":[],"_links":{"self":[{"href":"https:\/\/test.madridemprende.anovagroup.es\/en\/wp-json\/wp\/v2\/noticias\/12471"}],"collection":[{"href":"https:\/\/test.madridemprende.anovagroup.es\/en\/wp-json\/wp\/v2\/noticias"}],"about":[{"href":"https:\/\/test.madridemprende.anovagroup.es\/en\/wp-json\/wp\/v2\/types\/noticias"}],"version-history":[{"count":0,"href":"https:\/\/test.madridemprende.anovagroup.es\/en\/wp-json\/wp\/v2\/noticias\/12471\/revisions"}],"wp:featuredmedia":[{"embeddable":true,"href":"https:\/\/test.madridemprende.anovagroup.es\/en\/wp-json\/wp\/v2\/media\/12472"}],"wp:attachment":[{"href":"https:\/\/test.madridemprende.anovagroup.es\/en\/wp-json\/wp\/v2\/media?parent=12471"}],"wp:term":[{"taxonomy":"category","embeddable":true,"href":"https:\/\/test.madridemprende.anovagroup.es\/en\/wp-json\/wp\/v2\/categories?post=12471"},{"taxonomy":"noticias","embeddable":true,"href":"https:\/\/test.madridemprende.anovagroup.es\/en\/wp-json\/wp\/v2\/noticias?post=12471"}],"curies":[{"name":"wp","href":"https:\/\/api.w.org\/{rel}","templated":true}]}}