{"id":12610,"date":"2023-02-16T12:54:41","date_gmt":"2023-02-16T11:54:41","guid":{"rendered":"https:\/\/pre.madridemprende.anovagroup.es\/?post_type=noticias&#038;p=12610"},"modified":"2023-02-16T13:01:07","modified_gmt":"2023-02-16T12:01:07","slug":"se-simplifican-los-tramites-de-seguridad-social-para-los-nuevos-autonomos","status":"publish","type":"noticias","link":"https:\/\/test.madridemprende.anovagroup.es\/en\/noticias\/se-simplifican-los-tramites-de-seguridad-social-para-los-nuevos-autonomos\/","title":{"rendered":"Se simplifican los tr\u00e1mites de Seguridad Social para los nuevos aut\u00f3nomos"},"content":{"rendered":"<ul>\n<li><strong>La Seguridad Social se ha propuesto facilitar el procedimiento a todo emprendedor que se proponga crear su propio proyecto o que ya lo haya hecho<\/strong><\/li>\n<\/ul>\n<p>&nbsp;<\/p>\n<h2>Las novedades<\/h2>\n<p>El tr\u00e1mite para darse de alta como trabajador por cuenta propia siempre ha sido una gesti\u00f3n aparatosa que ha causado m\u00e1s de un dolor de cabeza. En 2023, la Seguridad Social se ha propuesto facilitar el procedimiento a los aut\u00f3nomos que se propongan crear su propio proyecto o que ya lo haya hecho.<\/p>\n<p>En la \u00faltima publicaci\u00f3n de los datos estad\u00edsticos relativos a los emprendedores y emprendedoras que se han lanzado a darse de alta como aut\u00f3nomos refleja el aumento de esta modalidad respecto al 2021 un 1,4%. Son cada a\u00f1o m\u00e1s los valientes que se embarcan en esta aventura, incrementando el n\u00famero de aut\u00f3nomos.<\/p>\n<p>Conocido es que la vida del aut\u00f3nomo no es tarea sencilla, al igual, que la demanda por parte de estos de una mejor\u00eda en sus condiciones. Los emprendedores y emprendedoras que se dan de alta como trabajador por cuenta propia solicitan constantemente la bajada de las aportaciones y las cuotas.<\/p>\n<p>El Servicio P\u00fablico de Empleo Estatal<strong>,<\/strong> tras recopilar la demanda de los aut\u00f3nomos para mejorar sus condiciones laborales, ha lanzado unas reducciones y bonificaciones para mejorar sus vidas. Bonificaciones por conciliaci\u00f3n de la vida profesional y familiar, ayudas ICO o ayudas espec\u00edficas de cada comunidad aut\u00f3noma.<\/p>\n<p>Una de las acciones que ha tomado el Servicio P\u00fablico de Empleo Estatal ante el malestar de los trabajadores por cuenta propia es modificar el procedimiento de alta de aut\u00f3nomo si no posee de n\u00famero de la seguridad social.<\/p>\n<p>La seguridad social ha simplificado el proceso de <a href=\"https:\/\/portal.seg-social.gob.es\/wps\/portal\/importass\/importass\/Categorias\/Altas%2C+bajas+y+modificaciones\/Altas+y+afiliacion+de+trabajadores\/Alta_trabajo_autonomo\" target=\"_blank\" rel=\"noopener\">alta de aut\u00f3nomo<\/a>, mediante la facilitaci\u00f3n del n\u00famero de Seguridad Social en el caso de no disponer de \u00e9l. Es un nuevo modelo que hace el proceso m\u00e1s sencillo, no tendr\u00e1n que hacer ning\u00fan tr\u00e1mite extra, directamente todo se realizar\u00e1 en el momento.<\/p>\n<h2>El n\u00famero de la Seguridad Social<\/h2>\n<p>El <a href=\"https:\/\/portal.seg-social.gob.es\/wps\/portal\/importass\/importass\/Categorias\/Vida+laboral+e+informes\/Informes+sobre+tu+situacion+laboral\/Acreditacion_NUSS\" target=\"_blank\" rel=\"noopener\">n\u00famero de la Seguridad Social<\/a> es el n\u00famero que identifica al ciudadano en sus relaciones con la Seguridad Social. Esta referencia num\u00e9rica es obligatoria para todo ciudadano que sea beneficiario de subsidios, pensiones o prestaciones.<\/p>\n<p>La acci\u00f3n comentada es una de las muchas que se llevar\u00e1n a cabo durante 2023 para beneficiar al trabajador por cuenta propia, con el objetivo de mejorar sus condiciones e incentivando a aquellos que ya se han dado de alta o que se plantea hacerlo.<\/p>\n<p>&nbsp;<\/p>\n<p><a href=\"https:\/\/portal.seg-social.gob.es\/\" target=\"_blank\" rel=\"noopener\"><strong>M\u00e1s informaci\u00f3n<\/strong><\/a><\/p>\n","protected":false},"excerpt":{"rendered":"<p>En 2023, la Seguridad Social se ha propuesto facilitar el procedimiento a todo emprendedor que se proponga crear su propio proyecto o que ya lo haya hecho. El objetivo es mejorar las condiciones e incentivar a todos los nuevos aut\u00f3nomos. <\/p>\n","protected":false},"featured_media":12611,"template":"","meta":{"_acf_changed":false},"categories":[319],"noticias":[134,262],"class_list":["post-12610","noticias","type-noticias","status-publish","has-post-thumbnail","hentry","category-noticias-y-blog","noticias-autonomos","noticias-seguridad-social"],"acf":[],"_links":{"self":[{"href":"https:\/\/test.madridemprende.anovagroup.es\/en\/wp-json\/wp\/v2\/noticias\/12610"}],"collection":[{"href":"https:\/\/test.madridemprende.anovagroup.es\/en\/wp-json\/wp\/v2\/noticias"}],"about":[{"href":"https:\/\/test.madridemprende.anovagroup.es\/en\/wp-json\/wp\/v2\/types\/noticias"}],"version-history":[{"count":0,"href":"https:\/\/test.madridemprende.anovagroup.es\/en\/wp-json\/wp\/v2\/noticias\/12610\/revisions"}],"wp:featuredmedia":[{"embeddable":true,"href":"https:\/\/test.madridemprende.anovagroup.es\/en\/wp-json\/wp\/v2\/media\/12611"}],"wp:attachment":[{"href":"https:\/\/test.madridemprende.anovagroup.es\/en\/wp-json\/wp\/v2\/media?parent=12610"}],"wp:term":[{"taxonomy":"category","embeddable":true,"href":"https:\/\/test.madridemprende.anovagroup.es\/en\/wp-json\/wp\/v2\/categories?post=12610"},{"taxonomy":"noticias","embeddable":true,"href":"https:\/\/test.madridemprende.anovagroup.es\/en\/wp-json\/wp\/v2\/noticias?post=12610"}],"curies":[{"name":"wp","href":"https:\/\/api.w.org\/{rel}","templated":true}]}}