{"id":13394,"date":"2023-04-18T08:19:13","date_gmt":"2023-04-18T06:19:13","guid":{"rendered":"https:\/\/pre.madridemprende.anovagroup.es\/?post_type=noticias&#038;p=13394"},"modified":"2023-04-18T08:19:13","modified_gmt":"2023-04-18T06:19:13","slug":"guia-practica-del-trabajo-autonomo","status":"publish","type":"noticias","link":"https:\/\/test.madridemprende.anovagroup.es\/en\/noticias\/guia-practica-del-trabajo-autonomo\/","title":{"rendered":"Gu\u00eda pr\u00e1ctica del trabajo aut\u00f3nomo"},"content":{"rendered":"<ul>\n<li><strong>La Seguridad Social pone a disposici\u00f3n de la ciudadan\u00eda una gu\u00eda pr\u00e1ctica del trabajo aut\u00f3nomo<\/strong><\/li>\n<\/ul>\n<p>&nbsp;<\/p>\n<p>La Seguridad Social pone a disposici\u00f3n de la ciudadan\u00eda una <a href=\"https:\/\/portal.seg-social.gob.es\/wps\/portal\/importass\/importass\/Colectivos\/Trabajo+Autonomo\/guia\" target=\"_blank\" rel=\"noopener\">gu\u00eda pr\u00e1ctica<\/a> para resolver todas las dudas que puedan surgir acerca del trabajo de los aut\u00f3nomos.<\/p>\n<h3>Darse de alta en el <a href=\"https:\/\/pre.madridemprende.anovagroup.es\/noticias\/quienes-estan-incluidos-en-el-regimen-especial-de-trabajadores-autonomos-reta\/\">RETA<\/a><\/h3>\n<p>Esta gu\u00eda abre con el paso principal que es explicar c\u00f3mo iniciar la actividad por cuenta propia de <a href=\"https:\/\/portal.seg-social.gob.es\/wps\/portal\/importass\/importass\/Colectivos\/Trabajo+Autonomo\/guia?1dmy&amp;urile=wcm%3apath%3a\/wps\/wcm\/connect\/importass\/importass_contenidos\/categorias\/altas%2C+bajas+y+modificaciones\/altas+y+afiliacion+de+trabajadores\/alta_trabajo_autonomo\" target=\"_blank\" rel=\"noopener\">forma telem\u00e1tica.<\/a> Tambi\u00e9n proporciona la informaci\u00f3n necesaria para poder darse de alta (NUSS o NAF, DNI o NIE, fecha de inicio de actividad, estimaci\u00f3n de rendimientos netos mensuales, datos del domicilio de la actividad profesional, etc.). Asimismo, se da respuesta a distintas casu\u00edsticas a las que puedan enfrentarse los distintos tipos de trabajadores aut\u00f3nomos.<\/p>\n<h3>Cuota y pagos<\/h3>\n<p>Una de las claves principales a la que se da respuesta en este apartado de la gu\u00eda es el nuevo sistema de cotizaciones que entr\u00f3 en vigor el 1 de enero de 2023. Con este cambio, los aut\u00f3nomos deber\u00e1n elegir su base de cotizaci\u00f3n en funci\u00f3n de la previsi\u00f3n del promedio mensual de los rendimientos netos anuales. Para el a\u00f1o 2023, dentro de la tabla general, la base de cotizaci\u00f3n m\u00ednima es de 950,98 \u20ac mensuales y la m\u00e1xima de 4.495,50 \u20ac mensuales.<\/p>\n<p>En el caso de que los rendimientos previstos sean inferiores al SMI en c\u00f3mputo anual, se podr\u00e1 elegir la base de cotizaci\u00f3n dentro de una tabla reducida, siendo la base m\u00ednima 751,63 \u20ac mensuales.<\/p>\n<h3>Derechos y prestaciones<\/h3>\n<p>La gu\u00eda explica las distintas deducciones o beneficios de los que pueden beneficiarse los aut\u00f3nomos, entre ellas destaca la famosa tarifa plana, por la que los aut\u00f3nomos que se den de alta por primera vez tendr\u00e1n que abonar una cuota de 80\u20ac al mes durante el primer a\u00f1o (prorrogables por otro si los rendimientos son inferiores al SMI).<\/p>\n<p>Otro de los puntos que se desarrollan es el derecho al paro de los aut\u00f3nomos y las condiciones que se han de cumplir para poder tener cubierto el cese de actividad.<\/p>\n<h3>Variaciones y bajas<\/h3>\n<p>Si el aut\u00f3nomo quiere modificar datos personales, su base de cotizaci\u00f3n o darse de baja en este apartado de la gu\u00eda se contemplan todas estas dudas. Con el nuevo sistema de cotizaci\u00f3n aprobado los aut\u00f3nomos pueden cambiar hasta seis veces al a\u00f1o la base de cotizaci\u00f3n eligiendo otra dentro de los l\u00edmites m\u00ednimo y m\u00e1ximo aplicables, a trav\u00e9s del servicio <a href=\"https:\/\/portal.seg-social.gob.es\/wps\/portal\/importass\/importass\/Categorias\/Altas%2C+bajas+y+modificaciones\/Bajas+y+modificaciones\/ModDatosAutonomos\" target=\"_blank\" rel=\"noopener\">modificaci\u00f3n de datos de trabajo aut\u00f3nomo.\u00a0<\/a><\/p>\n","protected":false},"excerpt":{"rendered":"<p>La Seguridad Social pone a disposici\u00f3n de la ciudadan\u00eda una gu\u00eda pr\u00e1ctica para resolver todas las dudas que puedan surgir acerca del trabajo de los aut\u00f3nomos.<\/p>\n","protected":false},"featured_media":13395,"template":"","meta":{"_acf_changed":false},"categories":[318],"noticias":[134,246,262],"class_list":["post-13394","noticias","type-noticias","status-publish","has-post-thumbnail","hentry","category-blog","noticias-autonomos","noticias-reta","noticias-seguridad-social"],"acf":[],"_links":{"self":[{"href":"https:\/\/test.madridemprende.anovagroup.es\/en\/wp-json\/wp\/v2\/noticias\/13394"}],"collection":[{"href":"https:\/\/test.madridemprende.anovagroup.es\/en\/wp-json\/wp\/v2\/noticias"}],"about":[{"href":"https:\/\/test.madridemprende.anovagroup.es\/en\/wp-json\/wp\/v2\/types\/noticias"}],"version-history":[{"count":0,"href":"https:\/\/test.madridemprende.anovagroup.es\/en\/wp-json\/wp\/v2\/noticias\/13394\/revisions"}],"wp:featuredmedia":[{"embeddable":true,"href":"https:\/\/test.madridemprende.anovagroup.es\/en\/wp-json\/wp\/v2\/media\/13395"}],"wp:attachment":[{"href":"https:\/\/test.madridemprende.anovagroup.es\/en\/wp-json\/wp\/v2\/media?parent=13394"}],"wp:term":[{"taxonomy":"category","embeddable":true,"href":"https:\/\/test.madridemprende.anovagroup.es\/en\/wp-json\/wp\/v2\/categories?post=13394"},{"taxonomy":"noticias","embeddable":true,"href":"https:\/\/test.madridemprende.anovagroup.es\/en\/wp-json\/wp\/v2\/noticias?post=13394"}],"curies":[{"name":"wp","href":"https:\/\/api.w.org\/{rel}","templated":true}]}}