{"id":14432,"date":"2023-07-19T09:00:21","date_gmt":"2023-07-19T07:00:21","guid":{"rendered":"https:\/\/pre.madridemprende.anovagroup.es\/?post_type=noticias&#038;p=14432"},"modified":"2023-08-11T09:31:00","modified_gmt":"2023-08-11T07:31:00","slug":"formacion-virtual-tutorizada-reserva-tu-plaza","status":"publish","type":"noticias","link":"https:\/\/test.madridemprende.anovagroup.es\/en\/noticias\/formacion-virtual-tutorizada-reserva-tu-plaza\/","title":{"rendered":"Formaci\u00f3n virtual tutorizada: \u00a1reserva tu plaza!"},"content":{"rendered":"<ul>\n<li><strong>La nueva edici\u00f3n de la formaci\u00f3n virtual tutorizada tiene el plazo de inscripciones abierto<\/strong><\/li>\n<li><strong>Estas actividades se iniciar\u00e1n el pr\u00f3ximo 12 de septiembre<\/strong><\/li>\n<\/ul>\n<p>&nbsp;<\/p>\n<h3>Qu\u00e9 es<\/h3>\n<p>La nueva edici\u00f3n de la <a href=\"https:\/\/pre.madridemprende.anovagroup.es\/formacion-virtual-tutorizada\/\">formaci\u00f3n virtual tutorizada<\/a> tiene el plazo de inscripciones abierto. Este programa formativo gratuito permite la adquisici\u00f3n de habilidades y capacidades para la puesta en marcha de un negocio, definici\u00f3n de estrategias comerciales y direcci\u00f3n empresarial, entre otros.<\/p>\n<p>El objetivo es la formaci\u00f3n integral de las personas emprendedoras, tanto para emprender un proyecto empresarial como para la mejora de una empresa existente.<\/p>\n<h3>Modalidad <em>online<\/em><\/h3>\n<p>Las actividades formativas <strong>se impartir\u00e1n y desarrollar\u00e1n en nuestra plataforma virtual \u201c<a href=\"https:\/\/aula.madridemprende.es\/\" target=\"_blank\" rel=\"noopener\">Aula Emprende<\/a>\u201d.<\/strong><\/p>\n<p>Estar\u00e1n <strong>accesibles 24 horas al d\u00eda, los 7 d\u00edas de la semana<\/strong> y tienen una duraci\u00f3n de 4 semanas, que equivalen a 25 horas lectivas. Durante estas cuatro semanas habr\u00e1 un tutor experto que resolver\u00e1 las dudas y corregir\u00e1 los casos pr\u00e1cticos.<\/p>\n<p>Al finalizar te podr\u00e1s descargar un documento acreditativo de la correcta ejecuci\u00f3n, seg\u00fan las condiciones espec\u00edficas y de acuerdo con los par\u00e1metros establecidos para cada actividad formativa.<\/p>\n<h3>Las actividades<\/h3>\n<p>Puedes inscribirte a una o m\u00e1s actividades ya que son independientes entre s\u00ed, siempre teniendo en cuenta que es necesario asistir a todas las jornadas que componen cada actividad.<\/p>\n<p>Cada edici\u00f3n consta de seis actividades diferentes. M\u00e1s informaci\u00f3n e inscripciones en los enlaces siguientes:<\/p>\n<ul>\n<li><a href=\"https:\/\/portal.madridemprende.es\/evento\/domina-el-marketing-digital-y-haz-crecer-tu-negocio-en-el-mundo-online-online\/\"><strong><em>Marketing<\/em><\/strong><strong>\u00a0digital y fundamentos de dise\u00f1o web<\/strong><\/a><\/li>\n<\/ul>\n<p>Enfocado a conocer los elementos necesarios para dise\u00f1ar y gestionar la web del negocio de un proyecto. Adem\u00e1s, se dar\u00e1n herramientas para que los asistentes puedan disponer en un futuro pr\u00f3ximo de su tienda\u00a0<em>online.<\/em><\/p>\n<ul>\n<li><a href=\"https:\/\/portal.madridemprende.es\/evento\/transformacion-digital-y-creacion-de-empresas-de-base-tecnologica-2\/\"><strong>Transformaci\u00f3n digital y creaci\u00f3n de empresas de base tecnol\u00f3gica<\/strong><\/a><\/li>\n<\/ul>\n<p>Dirigido a<strong>\u00a0<\/strong>fomentar el proceso de transformaci\u00f3n en la empresa, mostrando los puntos fundamentales para mejorar la gesti\u00f3n, administraci\u00f3n y procesos de producci\u00f3n,\u00a0<em>marketing<\/em>\u00a0y ventas, a trav\u00e9s de la implementaci\u00f3n de procesos digitales que permitan el logro de estos objetivos.<\/p>\n<ul>\n<li><a href=\"https:\/\/portal.madridemprende.es\/evento\/conviertete-en-un-emprendedor-social-y-contribuye-al-cambio-construyendo-un-futuro-sostenible-online\/\"><strong>Emprendimiento social, sostenibilidad y RSC<\/strong><\/a><\/li>\n<\/ul>\n<p>Proporcionar\u00e1 los conceptos y las caracter\u00edsticas fundamentales del emprendimiento social, destacando la importancia de las diferencias con las empresas sociales, introduciendo la aplicaci\u00f3n de los conceptos del desarrollo sostenible en las empresas, y la aplicaci\u00f3n de la responsabilidad social corporativa.<\/p>\n<ul>\n<li><a href=\"https:\/\/portal.madridemprende.es\/evento\/descubre-el-poder-del-big-data-transforma-tu-organizacion-e-impulsa-tu-negocio-con-datos-inteligentes-online\/\"><strong>Fundamentos\u00a0<em>big data<\/em><\/strong><\/a><\/li>\n<\/ul>\n<p>Tiene como objetivo conocer y aplicar el\u00a0<em>big data<\/em>\u00a0como herramienta b\u00e1sica integrada en el negocio.<\/p>\n<ul>\n<li><a href=\"https:\/\/portal.madridemprende.es\/evento\/desata-tu-potencial-emprendedor-domina-los-fundamentos-del-lean-startup-online\/\"><strong>Fundamentos de\u00a0<em>lean startup<\/em><\/strong><\/a><\/li>\n<\/ul>\n<p>Orientado a conocer y poner en pr\u00e1ctica la metodolog\u00eda\u00a0<em>lean startup<\/em>\u00a0para encontrar el mercado objetivo, evaluar con clientes potenciales si la idea es una buena oportunidad, y potenciar la innovaci\u00f3n y creatividad en los negocios.<\/p>\n<ul>\n<li><a href=\"https:\/\/portal.madridemprende.es\/evento\/desarrolla-tu-plan-de-empresa-construye-tu-ruta-hacia-el-futuro-empresarial-online\/\"><strong>Fundamentos del plan de empresa. Plan econ\u00f3mico-financiero y financiaci\u00f3n<\/strong><\/a><\/li>\n<\/ul>\n<p>Dar\u00e1 las claves a los que con una idea y\/o modelo de negocio, precisan desarrollar un plan de empresa con todos sus componentes,\u00a0<em>marketing,<\/em>\u00a0comunicaci\u00f3n y ventas, operaciones, RRHH, jur\u00eddico y econ\u00f3mico-financiero, realizando un an\u00e1lisis para establecer estrategias, detectar necesidades y hacer seguimiento del negocio.<\/p>\n","protected":false},"excerpt":{"rendered":"<p>El objetivo es la formaci\u00f3n integral de las personas emprendedoras, tanto para emprender un proyecto empresarial como para la mejora de una empresa existente.<\/p>\n","protected":false},"featured_media":14453,"template":"","meta":{"_acf_changed":false},"categories":[317],"noticias":[209],"class_list":["post-14432","noticias","type-noticias","status-publish","has-post-thumbnail","hentry","category-noticias","noticias-formacion-virtual-tutorizada"],"acf":[],"_links":{"self":[{"href":"https:\/\/test.madridemprende.anovagroup.es\/en\/wp-json\/wp\/v2\/noticias\/14432"}],"collection":[{"href":"https:\/\/test.madridemprende.anovagroup.es\/en\/wp-json\/wp\/v2\/noticias"}],"about":[{"href":"https:\/\/test.madridemprende.anovagroup.es\/en\/wp-json\/wp\/v2\/types\/noticias"}],"version-history":[{"count":0,"href":"https:\/\/test.madridemprende.anovagroup.es\/en\/wp-json\/wp\/v2\/noticias\/14432\/revisions"}],"wp:featuredmedia":[{"embeddable":true,"href":"https:\/\/test.madridemprende.anovagroup.es\/en\/wp-json\/wp\/v2\/media\/14453"}],"wp:attachment":[{"href":"https:\/\/test.madridemprende.anovagroup.es\/en\/wp-json\/wp\/v2\/media?parent=14432"}],"wp:term":[{"taxonomy":"category","embeddable":true,"href":"https:\/\/test.madridemprende.anovagroup.es\/en\/wp-json\/wp\/v2\/categories?post=14432"},{"taxonomy":"noticias","embeddable":true,"href":"https:\/\/test.madridemprende.anovagroup.es\/en\/wp-json\/wp\/v2\/noticias?post=14432"}],"curies":[{"name":"wp","href":"https:\/\/api.w.org\/{rel}","templated":true}]}}