{"id":15228,"date":"2023-10-13T08:00:32","date_gmt":"2023-10-13T06:00:32","guid":{"rendered":"https:\/\/pre.madridemprende.anovagroup.es\/?post_type=noticias&#038;p=15228"},"modified":"2023-10-10T16:29:11","modified_gmt":"2023-10-10T14:29:11","slug":"v-edicion-del-programa-de-aceleracion-de-carabanchel-y-villaverde","status":"publish","type":"noticias","link":"https:\/\/test.madridemprende.anovagroup.es\/en\/noticias\/v-edicion-del-programa-de-aceleracion-de-carabanchel-y-villaverde\/","title":{"rendered":"V edici\u00f3n del programa de aceleraci\u00f3n de Carabanchel y Villaverde"},"content":{"rendered":"<ul>\n<li><strong>Los proyectos seleccionados est\u00e1n innovando en sectores como el sanitario, el educativo, el inmobiliario, el del <em>marketing<\/em> o el de la automoci\u00f3n<\/strong><\/li>\n<li><strong>Durante 4 meses tendr\u00e1n acceso a un itinerario de mentorizaci\u00f3n y acompa\u00f1amiento profesional para potenciar sus l\u00edneas de negocio<\/strong><\/li>\n<\/ul>\n<p>&nbsp;<\/p>\n<h3>La quinta edici\u00f3n<\/h3>\n<p>Ya se conocen oficialmente los 20 nuevos proyectos finalistas de la V edici\u00f3n del programa de aceleraci\u00f3n de los viveros de empresas de Carabanchel y Villaverde. Los elegidos est\u00e1n innovando en sectores como el sanitario, el educativo, el inmobiliario, el del <em>marketing<\/em> o el sector de la automoci\u00f3n.<\/p>\n<p>Durante los pr\u00f3ximos 4 meses, los finalistas comenzar\u00e1n un itinerario que incluye <em>mentoring<\/em> y asesoramiento especializado, una variada oferta de formaciones impartidas por destacados profesionales, adaptadas a sus necesidades espec\u00edficas. Tambi\u00e9n tendr\u00e1n acceso a eventos y actividades de <em>networking<\/em>, adem\u00e1s de poder hacer uso de las instalaciones de los viveros de empresas en los que est\u00e9n desarrollando el programa de aceleraci\u00f3n.<\/p>\n<p>Esta quinta edici\u00f3n del programa de aceleraci\u00f3n finalizar\u00e1 con un <em>demo day<\/em>, donde los proyectos seleccionados tendr\u00e1n la oportunidad de presentar sus ideas de negocio en formato de <em>pitch<\/em> ante un jurado conformado por diversos actores del ecosistema emprendedor. En concreto, se llevar\u00e1 a cabo en el vivero de empresas Carabanchel los d\u00edas 29 y 30 de enero de 2024, donde se conocer\u00e1 al proyecto ganador de los respectivos programas de aceleraci\u00f3n.<\/p>\n<h3><strong>Proyectos finalistas <\/strong><\/h3>\n<h4><strong><a href=\"https:\/\/pre.madridemprende.anovagroup.es\/viveros\/vivero-de-carabanchel\/\">Vivero de empresas de Carabanchel<\/a>\u00a0<\/strong><\/h4>\n<ul>\n<li><strong>VT-Lab:<\/strong> empresa tecnol\u00f3gica que desarrolla soluciones de realidad virtual y aumentada para el sector AEC (arquitectura, ingenier\u00eda y construcci\u00f3n).<\/li>\n<li><strong>Casa de oficios:<\/strong> plataforma de patrimonios intangibles, pensada para aglutinar toda la cultura tradicional.<\/li>\n<li><strong>Yondr:<\/strong> aplicaci\u00f3n de <em>fitness <\/em>que permite gestionar y compartir contenido de entrenamiento y nutrici\u00f3n de una manera personalizada y f\u00e1cil.<\/li>\n<li><strong>Eekox:<\/strong> <em>marketplace<\/em> que permite localizar espacios de trabajo flexible como <em>coworkings<\/em>.<\/li>\n<li><strong>Beauty Coach Academy:<\/strong> ofrece formaci\u00f3n y <em>coaching<\/em> en belleza f\u00edsica y emocional.<\/li>\n<li><strong>PharmaDate:<\/strong> plataforma digital que conecta a farmacias con laboratorios, permitiendo interacciones comerciales mucho m\u00e1s eficientes.<\/li>\n<li><strong>Era: The Union:<\/strong> empresa de <em>marketing<\/em> digital y<em> social media<\/em>.<\/li>\n<li><strong>Wecaria:<\/strong> empresa dedicada a la digitalizaci\u00f3n de veh\u00edculos. Ofrece a conductores y empresas soluciones tecnol\u00f3gicas en materia de automoci\u00f3n.<\/li>\n<li><strong>Inversionas:<\/strong> proporciona educaci\u00f3n financiera para saber c\u00f3mo invertir en bolsa.<\/li>\n<li><strong>Nexo Professional Community:<\/strong> plataforma colaborativa para encontrar profesionales de \u00e1reas IT, medioambiente, telecomunicaciones, etc,<\/li>\n<\/ul>\n<h4><a href=\"https:\/\/pre.madridemprende.anovagroup.es\/viveros\/vivero-de-villaverde\/\"><strong>Vivero de empresas de Villaverde<\/strong><\/a><\/h4>\n<ul>\n<li><strong>Ayrel:<\/strong> proporcionan una aplicaci\u00f3n que permite a trav\u00e9s de la inteligencia artificial gestionar perfiles de empresas en Google My Business.<\/li>\n<li><strong>Gether:<\/strong> plataforma que conecta deportistas, federaciones o clubes con marcas. Son unos intermediarios de <em>influencers<\/em> deportivos de \u00e9lite.<\/li>\n<li><strong>Amababy:<\/strong> empresa que ha patentado un sistema de silla auxiliar para los carritos de beb\u00e9 para facilitar el transporte de los ni\u00f1os.<\/li>\n<li><strong>Live4Life:<\/strong> plataforma <em>proptech<\/em> que une a propietarios de pisos con estudiantes.<\/li>\n<li><strong>Wisefox:<\/strong> <em>startup <\/em>que facilita un software de fidelizaci\u00f3n digital para los comercios con el objetivo de crear acciones de <em>marketing<\/em> especializadas.<\/li>\n<li><strong>Quality Bits:<\/strong><em> marketplace<\/em> que ayuda a pymes a superar los desaf\u00edos actuales del mercado del comercio digital.<\/li>\n<li><strong>Kokua: <\/strong>plataforma que facilita con ayuda de la inteligencia artificial el seguro a medida de lo que busca el usuario entre todas las ofertas del mercado.<\/li>\n<li><strong>EasyWorld Academy:<\/strong> ofrece formaci\u00f3n de ingl\u00e9s dirigida a empresas y <em>coaching<\/em> para saber desenvolverse en este idioma.<\/li>\n<li><strong>Datatherapy:<\/strong> <em>startup<\/em> que se encarga de transformar datos en evidencias cient\u00edficas \u00fatiles para la toma de decisiones de impacto sanitario.<\/li>\n<\/ul>\n","protected":false},"excerpt":{"rendered":"<p>Ya se conocen oficialmente los 20 nuevos proyectos finalistas de la V edici\u00f3n del programa de aceleraci\u00f3n de los viveros de empresas de Carabanchel y Villaverde. Los elegidos est\u00e1n innovando en sectores como el sanitario, el educativo, el inmobiliario, el del marketing o el sector de la automoci\u00f3n.<\/p>\n","protected":false},"featured_media":15229,"template":"","meta":{"_acf_changed":false},"categories":[317],"noticias":[215,229],"class_list":["post-15228","noticias","type-noticias","status-publish","has-post-thumbnail","hentry","category-noticias","noticias-programa-de-aceleracion","noticias-programas-de-aceleracion"],"acf":[],"_links":{"self":[{"href":"https:\/\/test.madridemprende.anovagroup.es\/en\/wp-json\/wp\/v2\/noticias\/15228"}],"collection":[{"href":"https:\/\/test.madridemprende.anovagroup.es\/en\/wp-json\/wp\/v2\/noticias"}],"about":[{"href":"https:\/\/test.madridemprende.anovagroup.es\/en\/wp-json\/wp\/v2\/types\/noticias"}],"version-history":[{"count":0,"href":"https:\/\/test.madridemprende.anovagroup.es\/en\/wp-json\/wp\/v2\/noticias\/15228\/revisions"}],"wp:featuredmedia":[{"embeddable":true,"href":"https:\/\/test.madridemprende.anovagroup.es\/en\/wp-json\/wp\/v2\/media\/15229"}],"wp:attachment":[{"href":"https:\/\/test.madridemprende.anovagroup.es\/en\/wp-json\/wp\/v2\/media?parent=15228"}],"wp:term":[{"taxonomy":"category","embeddable":true,"href":"https:\/\/test.madridemprende.anovagroup.es\/en\/wp-json\/wp\/v2\/categories?post=15228"},{"taxonomy":"noticias","embeddable":true,"href":"https:\/\/test.madridemprende.anovagroup.es\/en\/wp-json\/wp\/v2\/noticias?post=15228"}],"curies":[{"name":"wp","href":"https:\/\/api.w.org\/{rel}","templated":true}]}}