{"id":6702,"date":"2014-01-23T00:00:00","date_gmt":"2014-01-23T00:00:00","guid":{"rendered":"https:\/\/pre.madridemprende.anovagroup.es\/noticias\/formacion-a-medida-para-startups-con-ambicion-global\/"},"modified":"2022-06-08T11:36:40","modified_gmt":"2022-06-08T09:36:40","slug":"formacion-a-medida-para-startups-con-ambicion-global","status":"publish","type":"noticias","link":"https:\/\/test.madridemprende.anovagroup.es\/en\/noticias\/formacion-a-medida-para-startups-con-ambicion-global\/","title":{"rendered":"Formaci\u00f3n a medida para startups con ambici\u00f3n global"},"content":{"rendered":"<p>\u2018El mundo es mi mercado\u2019 pretende ir m\u00e1s all\u00e1 de la formaci\u00f3n tradicional en comercio exterior, al dirigirse espec\u00edficamente a startups con ambici\u00f3n global mediante contenidos adaptados a sus necesidades y una metodolog\u00eda inspirada en los mejores programas del IESE, que combina la teor\u00eda con el estudio del caso y charlas de emprendedores consagrados y directivos de Citi.<\/p>\n<p>\u00a0<\/p>\n<p>Los casi 50 emprendedores seleccionados de entre las empresas alojadas en los centros de Madrid Emprende ya iniciaron el curso el pasado 10 de enero y est\u00e1 previsto que el programa contin\u00fae hasta abril.<\/p>\n","protected":false},"excerpt":{"rendered":"<p>\u2018El mundo es mi mercado\u2019 pretende ir m\u00e1s all\u00e1 de la formaci\u00f3n tradicional&#8230;<\/p>\n","protected":false},"featured_media":6703,"template":"","meta":{"_acf_changed":false},"categories":[],"noticias":[],"class_list":["post-6702","noticias","type-noticias","status-publish","has-post-thumbnail","hentry"],"acf":[],"_links":{"self":[{"href":"https:\/\/test.madridemprende.anovagroup.es\/en\/wp-json\/wp\/v2\/noticias\/6702"}],"collection":[{"href":"https:\/\/test.madridemprende.anovagroup.es\/en\/wp-json\/wp\/v2\/noticias"}],"about":[{"href":"https:\/\/test.madridemprende.anovagroup.es\/en\/wp-json\/wp\/v2\/types\/noticias"}],"version-history":[{"count":0,"href":"https:\/\/test.madridemprende.anovagroup.es\/en\/wp-json\/wp\/v2\/noticias\/6702\/revisions"}],"wp:featuredmedia":[{"embeddable":true,"href":"https:\/\/test.madridemprende.anovagroup.es\/en\/wp-json\/wp\/v2\/media\/6703"}],"wp:attachment":[{"href":"https:\/\/test.madridemprende.anovagroup.es\/en\/wp-json\/wp\/v2\/media?parent=6702"}],"wp:term":[{"taxonomy":"category","embeddable":true,"href":"https:\/\/test.madridemprende.anovagroup.es\/en\/wp-json\/wp\/v2\/categories?post=6702"},{"taxonomy":"noticias","embeddable":true,"href":"https:\/\/test.madridemprende.anovagroup.es\/en\/wp-json\/wp\/v2\/noticias?post=6702"}],"curies":[{"name":"wp","href":"https:\/\/api.w.org\/{rel}","templated":true}]}}