{"id":6712,"date":"2014-07-07T00:00:00","date_gmt":"2014-07-07T00:00:00","guid":{"rendered":"https:\/\/pre.madridemprende.anovagroup.es\/noticias\/el-madrid-international-lab-recibio-la-visita-de-david-d-burstein\/"},"modified":"2022-06-08T11:36:38","modified_gmt":"2022-06-08T09:36:38","slug":"el-madrid-international-lab-recibio-la-visita-de-david-d-burstein","status":"publish","type":"noticias","link":"https:\/\/test.madridemprende.anovagroup.es\/en\/noticias\/el-madrid-international-lab-recibio-la-visita-de-david-d-burstein\/","title":{"rendered":"El Madrid International Lab recibi\u00f3 la visita de David D. Burstein"},"content":{"rendered":"<p style=\"margin: 0px; font-family: 'Helvetica Neue', Helvetica, Arial, sans-serif; font-size: 14px; line-height: 20px;\">El pasado lunes 7 de julio, tuvo lugar a las 10 en la sede del\u00a0<b>Madrid International Lab<\/b>\u00a0un encuentro con\u00a0<b>David D. Burstein<\/b>\u00a0(<a href=\"http:\/\/l.facebook.com\/l.php?u=http%3A%2F%2Fdavidburstein.com%2F&#038;h=2AQEg8VJb&#038;s=1\" rel=\"nofollow noopener\" style=\"color: rgb(59, 89, 152); cursor: pointer; text-decoration: none;\" target=\"_blank\">http:\/\/davidburstein.com\/<\/a>), escritor, cineasta de 24 a\u00f1os, CEO de Run for America y autor del libro,\u00a0<i>Fast Future: How the Millennial Generation is Shaping Our World<\/i>. Tras una breve presentaci\u00f3n por parte de los asistentes, el emprendedor estadounidense tom\u00f3 la palabra, recordando sus inicios, cuando ten\u00eda s\u00f3lo 13 a\u00f1os y se preguntaba qu\u00e9 pod\u00eda hacer para cambiar la realidad; \u00abtom\u00e9 toda la pasi\u00f3n que ten\u00eda y la convert\u00ed en aquello que deseaba hacer\u00bb. Respecto al tema del<b>emprendimiento<\/b>\u00a0empresarial, Burstein fue claro: \u00abEl mundo ha cambiado. Ya no tienes que ir a la oficina a trabajar de 9 a 5; ahora puedes crear tu propio empleo\u00bb.\u00a0<\/p>\n<p style=\"margin: 0px; font-family: 'Helvetica Neue', Helvetica, Arial, sans-serif; font-size: 14px; line-height: 20px;\"> <img decoding=\"async\" alt=\"\" src=\"\/Intranet\/images_load\/David D. Burstein1.jpg\" style=\"width: 400px; height: 300px;\" \/><br \/> \u00a0<\/p>\n<p style=\"margin: 0px; font-family: 'Helvetica Neue', Helvetica, Arial, sans-serif; font-size: 14px; line-height: 20px;\"><b>Presente y futuro\u00a0<\/b><\/p>\n<p style=\"margin: 0px; font-family: 'Helvetica Neue', Helvetica, Arial, sans-serif; font-size: 14px; line-height: 20px;\">El escritor y cineasta explic\u00f3 a los presentes sus ideas sobre el futuro, &#8216;<i><b>fast future<\/b><\/i>&#8216;, y los nuevos retos del presente en t\u00e9rminos laborales y empresariales. Para Burstein, los nacidos entre los a\u00f1os ochenta y noventa del siglo pasado, &#8216;<i><b>Millennials<\/b><\/i>&#8216;, cuentan con un gran bagaje de talento y potencial para cambiar las cosas. \u00abMarca objetivos que puedas conseguir y cu\u00e9ntate cada d\u00eda una historia sobre los \u00e9xitos que hayas logrado\u00bb, dijo.\u00a0<\/p>\n<p style=\"margin: 0px; font-family: 'Helvetica Neue', Helvetica, Arial, sans-serif; font-size: 14px; line-height: 20px;\">\u00a0<\/p>\n<p style=\"margin: 0px; font-family: 'Helvetica Neue', Helvetica, Arial, sans-serif; font-size: 14px; line-height: 20px;\"><b>Tecnolog\u00eda y confianza\u00a0<\/b><\/p>\n<p style=\"margin: 0px; font-family: 'Helvetica Neue', Helvetica, Arial, sans-serif; font-size: 14px; line-height: 20px;\">Respondiendo a las preguntas del p\u00fablico, Burstein aclar\u00f3 que actualmente estamos comprobando de qu\u00e9 tipo de recursos vale la pena disponer, sobre todo teniendo en cuenta el impacto de estos en el entorno. Por otra parte, sobre la confianza en las\u00a0<b>pymes<\/b>, el empresario norteamericano afirm\u00f3 que \u00ablas personas desean confiar unas en otras\u00bb y que uno de los factores que llevan al \u00e9xito a una Startup es la implicaci\u00f3n de todos los miembros del equipo de trabajo. \u00a0<\/p>\n<p> <img decoding=\"async\" alt=\"\" src=\"\/Intranet\/images_load\/David D. Burstein2.jpg\" style=\"width: 400px; height: 300px;\" \/><\/p>\n","protected":false},"excerpt":{"rendered":"<p>El pasado lunes 7 de julio, tuvo lugar a las 10 en la sede del\u00a0Madrid&#8230;<\/p>\n","protected":false},"featured_media":6713,"template":"","meta":{"_acf_changed":false},"categories":[],"noticias":[],"class_list":["post-6712","noticias","type-noticias","status-publish","has-post-thumbnail","hentry"],"acf":[],"_links":{"self":[{"href":"https:\/\/test.madridemprende.anovagroup.es\/en\/wp-json\/wp\/v2\/noticias\/6712"}],"collection":[{"href":"https:\/\/test.madridemprende.anovagroup.es\/en\/wp-json\/wp\/v2\/noticias"}],"about":[{"href":"https:\/\/test.madridemprende.anovagroup.es\/en\/wp-json\/wp\/v2\/types\/noticias"}],"version-history":[{"count":0,"href":"https:\/\/test.madridemprende.anovagroup.es\/en\/wp-json\/wp\/v2\/noticias\/6712\/revisions"}],"wp:featuredmedia":[{"embeddable":true,"href":"https:\/\/test.madridemprende.anovagroup.es\/en\/wp-json\/wp\/v2\/media\/6713"}],"wp:attachment":[{"href":"https:\/\/test.madridemprende.anovagroup.es\/en\/wp-json\/wp\/v2\/media?parent=6712"}],"wp:term":[{"taxonomy":"category","embeddable":true,"href":"https:\/\/test.madridemprende.anovagroup.es\/en\/wp-json\/wp\/v2\/categories?post=6712"},{"taxonomy":"noticias","embeddable":true,"href":"https:\/\/test.madridemprende.anovagroup.es\/en\/wp-json\/wp\/v2\/noticias?post=6712"}],"curies":[{"name":"wp","href":"https:\/\/api.w.org\/{rel}","templated":true}]}}