{"id":6726,"date":"2013-10-23T00:00:00","date_gmt":"2013-10-23T00:00:00","guid":{"rendered":"https:\/\/pre.madridemprende.anovagroup.es\/noticias\/madrid-emprende-y-la-fundacion-create-organizan-la-iii-carrera-de-los-emprendedores\/"},"modified":"2022-06-08T11:36:41","modified_gmt":"2022-06-08T09:36:41","slug":"madrid-emprende-y-la-fundacion-create-organizan-la-iii-carrera-de-los-emprendedores","status":"publish","type":"noticias","link":"https:\/\/test.madridemprende.anovagroup.es\/en\/noticias\/madrid-emprende-y-la-fundacion-create-organizan-la-iii-carrera-de-los-emprendedores\/","title":{"rendered":"Madrid Emprende y la Fundaci\u00f3n Cr\u00e9ate organizan la III Carrera de los Emprendedores"},"content":{"rendered":"<p>La alcaldesa ha destacado que \u00abatletas y emprendedores comparten los valores del sacrificio, la constancia, el esp\u00edritu competitivo, el trabajo en equipo y el esfuerzo\u00bb,<br \/> \u00a0<br \/> Con la III Carrera de los Emprendedores, Madrid quiere reconocer a quienes est\u00e1n detr\u00e1s de cada comercio, de cada pyme y de cada proyecto, mostrando su ejemplo a los dem\u00e1s. Y no hay mejor forma de hacerlo que permitir que el esp\u00edritu emprendedor inunde las calles. La cita es el pr\u00f3ximo 24 de noviembre en el Parque de El Retiro.<br \/> Esta edici\u00f3n del acontecimiento deportivo se organiza por iniciativa de Madrid Emprende y la Fundaci\u00f3n Cr\u00e9ate, con la colaboraci\u00f3n de un elenco de entidades comprometidas con la difusi\u00f3n de la cultura empresarial.<\/p>\n<p> Tal y como ha expuesto la alcaldesa, Ana Botella, en la presentaci\u00f3n del evento \u00abatletas y emprendedores comparten los valores del sacrificio, la constancia, el esp\u00edritu competitivo, el trabajo en equipo y el esfuerzo. M\u00e9ritos que, adem\u00e1s de ser indispensables para tener \u00e9xito en cualquier actividad deportiva y empresarial, son contagiosos cuando se hacen visibles al resto de la sociedad\u201d.<\/p>\n<p> La buena acogida de las convocatorias anteriores de la carrera, en las que participaron cerca de 2.500 personas, ha motivado su ampliaci\u00f3n este a\u00f1o: por un lado, el recorrido, hasta los 10 kil\u00f3metros, aunque tambi\u00e9n se mantiene la distancia de 5 kil\u00f3metros de las ediciones previas. El Ayuntamiento ha incrementado asimismo el n\u00famero de inscripciones hasta las 5.000.<\/p>\n<p> Otra novedad de esta edici\u00f3n es que se ha adaptado el formato para que puedan participar muchas m\u00e1s personas: los discapacitados tendr\u00e1n m\u00e1s facilidades para tomar parte en la competici\u00f3n, y habr\u00e1 una carrera paralela para los m\u00e1s j\u00f3venes, entre 10 y 15 a\u00f1os, detall\u00f3 Ana Botella.<\/p>\n<p> M\u00e1s kil\u00f3metros, m\u00e1s participantes y m\u00e1s premios. Adem\u00e1s de las categor\u00edas absolutas y de veteranos se premiar\u00e1 a los primeros emprendedores seniors (de m\u00e1s de 45 a\u00f1os) y juniors (entre 18 y 21), as\u00ed como a la empresa y al centro educativo con mayor n\u00famero de participantes. Tambi\u00e9n tendr\u00e1n un reconocimiento especial los corredores con un proyecto empresarial deportivo, los que tengan un proyecto de car\u00e1cter social y los emprendedores alojados o graduados en la Red de Viveros de la Ciudad.<\/p>\n<p> Los emprendedores que deseen inscribirse deben hacerlo en la siguiente p\u00e1gina web: <a href=\"http:\/\/www.carreradelosemprendedores.com\/\">http:\/\/www.carreradelosemprendedores.com\/<\/a><\/p>\n","protected":false},"excerpt":{"rendered":"<p>La alcaldesa ha destacado que \u00abatletas y emprendedores comparten los&#8230;<\/p>\n","protected":false},"featured_media":6727,"template":"","meta":{"_acf_changed":false},"categories":[],"noticias":[],"class_list":["post-6726","noticias","type-noticias","status-publish","has-post-thumbnail","hentry"],"acf":[],"_links":{"self":[{"href":"https:\/\/test.madridemprende.anovagroup.es\/en\/wp-json\/wp\/v2\/noticias\/6726"}],"collection":[{"href":"https:\/\/test.madridemprende.anovagroup.es\/en\/wp-json\/wp\/v2\/noticias"}],"about":[{"href":"https:\/\/test.madridemprende.anovagroup.es\/en\/wp-json\/wp\/v2\/types\/noticias"}],"version-history":[{"count":0,"href":"https:\/\/test.madridemprende.anovagroup.es\/en\/wp-json\/wp\/v2\/noticias\/6726\/revisions"}],"wp:featuredmedia":[{"embeddable":true,"href":"https:\/\/test.madridemprende.anovagroup.es\/en\/wp-json\/wp\/v2\/media\/6727"}],"wp:attachment":[{"href":"https:\/\/test.madridemprende.anovagroup.es\/en\/wp-json\/wp\/v2\/media?parent=6726"}],"wp:term":[{"taxonomy":"category","embeddable":true,"href":"https:\/\/test.madridemprende.anovagroup.es\/en\/wp-json\/wp\/v2\/categories?post=6726"},{"taxonomy":"noticias","embeddable":true,"href":"https:\/\/test.madridemprende.anovagroup.es\/en\/wp-json\/wp\/v2\/noticias?post=6726"}],"curies":[{"name":"wp","href":"https:\/\/api.w.org\/{rel}","templated":true}]}}