{"id":6728,"date":"2013-10-15T00:00:00","date_gmt":"2013-10-15T00:00:00","guid":{"rendered":"https:\/\/pre.madridemprende.anovagroup.es\/noticias\/botella-apuesta-por-el-estimulo-economico-y-el-apoyo-al-emprendedor\/"},"modified":"2022-06-08T11:36:42","modified_gmt":"2022-06-08T09:36:42","slug":"botella-apuesta-por-el-estimulo-economico-y-el-apoyo-al-emprendedor","status":"publish","type":"noticias","link":"https:\/\/test.madridemprende.anovagroup.es\/en\/noticias\/botella-apuesta-por-el-estimulo-economico-y-el-apoyo-al-emprendedor\/","title":{"rendered":"Botella apuesta por el est\u00edmulo econ\u00f3mico y el apoyo al emprendedor"},"content":{"rendered":"<ul>\n<li>La gran distribuci\u00f3n aporta empleo, genera riqueza y convierte la ciudad en un lugar m\u00e1s atractivo<\/li>\n<li>Pr\u00f3ximamente el Ayuntamiento aprobar\u00e1 una Ordenanza de Est\u00edmulo Econ\u00f3mico y de Apoyo a las PYMEs y a los Emprendedores, que proporcionar\u00e1 un marco jur\u00eddico m\u00e1s flexible y \u00e1gil a empresarios y comerciantes<\/li>\n<li>Botella, adem\u00e1s, incide en que el urbanismo en Madrid tiene que contribuir al desarrollo econ\u00f3mico de la ciudad<\/li>\n<\/ul>\n<p> Ana Botella, alcaldesa de Madrid, ha anunciado que el Ayuntamiento aprobar\u00e1 una Ordenanza de Est\u00edmulo Econ\u00f3mico y de Apoyo a las PYMEs y a los Emprendedores, para \u00abeliminar trabas administrativas en aras de la libertad econ\u00f3mica\u00bb. As\u00ed lo ha expuesto durante la clausura de la Asamblea General de la Asociaci\u00f3n de Grandes Empresas de Distribuci\u00f3n (ANGED) donde ha recalcado que se trata de \u00abuna iniciativa legislativa que va a proporcionar un marco jur\u00eddico m\u00e1s flexible y \u00e1gil para el ejercicio de la actividad empresarial y, de forma muy especial, para el comercio\u00bb.<\/p>\n<p> El Ayuntamiento est\u00e1 trabajando en ese sentido, \u00abes cierto que con las nueves leyes estatales y auton\u00f3micas 9 de cada 10 negocios pueden abrir con una declaraci\u00f3n responsable. Para hacer esto en la ciudad de Madrid hay que vencer muchos obst\u00e1culos porque todo eso tiene que hacerse permeable y llegar a que todos los niveles de una Administraci\u00f3n, en este caso la municipal, lo lleve a la pr\u00e1ctica\u00bb.<\/p>\n<p> \u00abEn esta ciudad, que ha sido capaz de hacer una transformaci\u00f3n urbana como probablemente s\u00f3lo lo hab\u00eda hecho antes Berl\u00edn, sin embargo no hemos sido capaces de hacer un sistema de licencias \u00e1gil, f\u00e1cil, transparente, para que aquel que quiera emprender no le sea un obst\u00e1culo y estamos empe\u00f1ados en ello\u00bb, hizo hincapi\u00e9 la alcaldesa.<\/p>\n<p> \u00abMadrid debe ser una ciudad donde no haya trabas a la inversi\u00f3n, ni a los grandes inversores ni a aquellos que quieran emprender un nuevo negocio\u00bb, a\u00f1adi\u00f3 Botella que es partidaria de incentivar el emprendimiento y por ello \u00a0 \u00abtodos aquellos que empiecen en la ciudad de Madrid tendr\u00e1n durante los dos primeros a\u00f1os una devoluci\u00f3n de una serie de tributos municipales a trav\u00e9s de Madrid Tax Free\u00bb.<\/p>\n<p> Para la alcaldesa la gran distribuci\u00f3n es una actividad muy importante para la \u00abeconom\u00eda de Madrid y la vida cotidiana de los ciudadanos. Aporta empleo y genera riqueza\u00bb.<\/p>\n<p> La econom\u00eda madrile\u00f1a est\u00e1 basada en el sector servicios y el peso de este sector represent\u00f3 el 86,9% sobre el total del Producto Interior Bruto (PIB) y, de ah\u00ed, el 18% corresponde a las actividades comerciales. \u00a0ANGED, una de las asociaciones empresariales m\u00e1s antiguas de Espa\u00f1a, tiene su sede en Madrid y aglutina a 16 grandes empresas.<\/p>\n<p> Para Botella, \u00abla capital de Espa\u00f1a es un polo de la distribuci\u00f3n comercial\u00bb como lo demuestran los 1,7 millones de m2 calificados para este uso.<\/p>\n<p> \u00abEl urbanismo de Madrid &#8211; a\u00f1adi\u00f3 &#8211; tiene que contribuir al desarrollo econ\u00f3mico. Estamos flexibilizando los usos\u00bb y puso como ejemplo, los pol\u00edgonos industriales donde antes no era posible que hubiera otros usos como hosteleros y comerciales y ahora lo es. Estamos preparando el nuevo plan pero estamos haciendo antes modificaciones puntuales para que as\u00ed sea\u00bb.<\/p>\n<p> <strong>Pionero en liberar horarios<\/strong><\/p>\n<p> El Ayuntamiento de Madrid siempre ha apoyado la libertad de horarios que reclama el sector, \u00abdesde el convencimiento de que esta mayor autonom\u00eda no s\u00f3lo se traduce en mejor servicio para los ciudadanos sino tambi\u00e9n en m\u00e1s empleo y actividad econ\u00f3mica\u00bb. Entre 2008 y 2011 fue pionero al promover la declaraci\u00f3n como zonas de gran afluencia tur\u00edstica algunos barrios del centro de la ciudad as\u00ed como la zona aeroportuaria de Barajas.<\/p>\n<p> Por otro lado, la liberalizaci\u00f3n de horarios comerciales introducida el a\u00f1o pasado en toda la regi\u00f3n ha creado 26.000 puestos de trabajo, seg\u00fan la Comunidad de Madrid.<\/p>\n<p> \u00abDesde que estall\u00f3 la crisis todos hemos vivido tiempos complicados y la recuperaci\u00f3n que tenemos por delante va a seguir exigiendo un importante esfuerzo de todos. Por ello, tal y como hemos hecho hasta ahora, es fundamental que las empresas, la sociedad civil y la administraci\u00f3n permanezcamos unidos para hacer frente a la nueva etapa que por fin se abre en nuestra econom\u00eda\u00bb, finaliz\u00f3 la alcaldesa.\/<\/p>\n","protected":false},"excerpt":{"rendered":"<p> \tLa gran distribuci\u00f3n aporta empleo, genera riqueza y convierte la ciudad&#8230;<\/p>\n","protected":false},"featured_media":6729,"template":"","meta":{"_acf_changed":false},"categories":[],"noticias":[],"class_list":["post-6728","noticias","type-noticias","status-publish","has-post-thumbnail","hentry"],"acf":[],"_links":{"self":[{"href":"https:\/\/test.madridemprende.anovagroup.es\/en\/wp-json\/wp\/v2\/noticias\/6728"}],"collection":[{"href":"https:\/\/test.madridemprende.anovagroup.es\/en\/wp-json\/wp\/v2\/noticias"}],"about":[{"href":"https:\/\/test.madridemprende.anovagroup.es\/en\/wp-json\/wp\/v2\/types\/noticias"}],"version-history":[{"count":0,"href":"https:\/\/test.madridemprende.anovagroup.es\/en\/wp-json\/wp\/v2\/noticias\/6728\/revisions"}],"wp:featuredmedia":[{"embeddable":true,"href":"https:\/\/test.madridemprende.anovagroup.es\/en\/wp-json\/wp\/v2\/media\/6729"}],"wp:attachment":[{"href":"https:\/\/test.madridemprende.anovagroup.es\/en\/wp-json\/wp\/v2\/media?parent=6728"}],"wp:term":[{"taxonomy":"category","embeddable":true,"href":"https:\/\/test.madridemprende.anovagroup.es\/en\/wp-json\/wp\/v2\/categories?post=6728"},{"taxonomy":"noticias","embeddable":true,"href":"https:\/\/test.madridemprende.anovagroup.es\/en\/wp-json\/wp\/v2\/noticias?post=6728"}],"curies":[{"name":"wp","href":"https:\/\/api.w.org\/{rel}","templated":true}]}}