{"id":6744,"date":"2014-05-30T00:00:00","date_gmt":"2014-05-30T00:00:00","guid":{"rendered":"https:\/\/pre.madridemprende.anovagroup.es\/noticias\/top-entrepreneur-con-luis-cacho-cofundador-de-arsys\/"},"modified":"2022-06-08T11:36:39","modified_gmt":"2022-06-08T09:36:39","slug":"top-entrepreneur-con-luis-cacho-cofundador-de-arsys","status":"publish","type":"noticias","link":"https:\/\/test.madridemprende.anovagroup.es\/en\/noticias\/top-entrepreneur-con-luis-cacho-cofundador-de-arsys\/","title":{"rendered":"Top Entrepreneur con Luis Cacho, cofundador de Arsys"},"content":{"rendered":"<p>El pasado martes 27 de mayo tuvo lugar a las 12:00 un Top Entrepreneurs en el Vivero de Empresas de Moratalaz. Los Top Entrepreneurs son encuentros mensuales con un emprendedor de \u00e9xito relevante, que comparte con los asistentes su experiencia emprendedora. En esta ocasi\u00f3n el invitado ha sido Luis Cacho, cofundador de Arsys (<a href=\"http:\/\/www.arsys.es\">http:\/\/www.arsys.es<\/a>),empresa l\u00edder en el negocio de servicios de presencia en Internet (dominios, hosting, cloud) que cuenta con una cartera de m\u00e1s de 275.000 clientes, una plantilla de m\u00e1s de 300 trabajadores y una facturaci\u00f3n anual de 43 millones de euros. Luis tambi\u00e9n preside la Fundaci\u00f3n Promete (<a href=\"http:\/\/www.promete.org\">http:\/\/www.promete.org<\/a>), un proyecto de innovaci\u00f3n educativa orientado al desarrollo del talento.<\/p>\n<p> <strong>La empresa y las personas<\/strong><\/p>\n<p> \u00abYa os lo habr\u00e1n dicho, pero para m\u00ed lo m\u00e1s importante de una empresa son las personas\u00bb; con estas palabras inici\u00f3 el encuentro Luis Cacho, pasando a manifestar la necesidad de crear organizaciones humanistas que consideren a aquellos que las forman personas en desarrollo. \u00abEl \u00e9xito o el fracaso son relativos a los proyectos, no a las personas. Una persona no se acaba en un fracaso o un \u00e9xito\u00bb, quiso remarcar el co-fundador de Arsys, quien adem\u00e1s explic\u00f3 a los asistentes que la clave del \u00e9xito de su compa\u00f1\u00eda fue la gente que la formaba, y el clima corporativo que lograron crear.<\/p>\n<p> \u00a0<\/p>\n<p> <strong>\u00c9xito y conducta\u00a0<\/strong><\/p>\n<p> Por otra parte, Luis aclar\u00f3 que un \u00e9xito pasado no es garant\u00eda de un \u00e9xito futuro y cont\u00f3 que empezaron \u00abcon una oficina de 70 metros, que pronto tuvimos que cambiar por otra&#8230; de 35\u00bb. Seg\u00fan el ponente, el emprendimiento empresarial no depende s\u00f3lo de los conocimientos; \u00abnosotros no ten\u00edamos ninguno\u00bb, dijo. Con respecto a la consecuci\u00f3n del \u00e9xito, Luis comparti\u00f3 con los presentes su opini\u00f3n de que es la conducta la que lo determina: \u00abLo inteligente es colaborar; lo inteligente es ser bueno\u00bb.\u00a0<\/p>\n<p> <strong>Valores humanistas\u00a0<\/strong><\/p>\n<p> Otra de las ideas que transmiti\u00f3 Luis Cacho fue que la \u00e9tica es la conducta m\u00e1s adecuada a medio y largo plazo, y afirm\u00f3 que \u00absi incorporamos valores a nuestra empresa, habremos conseguido una organizaci\u00f3n humanista, con trabajadores comprometidos\u00bb. De la Fundaci\u00f3n Promete, Cacho destac\u00f3 el entusiasmo y la energ\u00eda tanto de alumnos como de profesores. Y, para finalizar, dej\u00f3 escrita una reflexi\u00f3n en una ventana del Vivero: \u00abHacia la organizaci\u00f3n humanista y el desarrollo del talento\u00bb.<\/p>\n","protected":false},"excerpt":{"rendered":"<p>El pasado martes 27 de mayo tuvo lugar a las 12:00 un Top Entrepreneurs en&#8230;<\/p>\n","protected":false},"featured_media":6745,"template":"","meta":{"_acf_changed":false},"categories":[],"noticias":[],"class_list":["post-6744","noticias","type-noticias","status-publish","has-post-thumbnail","hentry"],"acf":[],"_links":{"self":[{"href":"https:\/\/test.madridemprende.anovagroup.es\/en\/wp-json\/wp\/v2\/noticias\/6744"}],"collection":[{"href":"https:\/\/test.madridemprende.anovagroup.es\/en\/wp-json\/wp\/v2\/noticias"}],"about":[{"href":"https:\/\/test.madridemprende.anovagroup.es\/en\/wp-json\/wp\/v2\/types\/noticias"}],"version-history":[{"count":0,"href":"https:\/\/test.madridemprende.anovagroup.es\/en\/wp-json\/wp\/v2\/noticias\/6744\/revisions"}],"wp:featuredmedia":[{"embeddable":true,"href":"https:\/\/test.madridemprende.anovagroup.es\/en\/wp-json\/wp\/v2\/media\/6745"}],"wp:attachment":[{"href":"https:\/\/test.madridemprende.anovagroup.es\/en\/wp-json\/wp\/v2\/media?parent=6744"}],"wp:term":[{"taxonomy":"category","embeddable":true,"href":"https:\/\/test.madridemprende.anovagroup.es\/en\/wp-json\/wp\/v2\/categories?post=6744"},{"taxonomy":"noticias","embeddable":true,"href":"https:\/\/test.madridemprende.anovagroup.es\/en\/wp-json\/wp\/v2\/noticias?post=6744"}],"curies":[{"name":"wp","href":"https:\/\/api.w.org\/{rel}","templated":true}]}}