{"id":6758,"date":"2012-01-26T00:00:00","date_gmt":"2012-01-26T00:00:00","guid":{"rendered":"https:\/\/pre.madridemprende.anovagroup.es\/noticias\/coffee-break-con-luisa-alemany-directora-del-instituto-de-iniciativa-emprendedora-de-esade\/"},"modified":"2022-06-08T11:39:42","modified_gmt":"2022-06-08T09:39:42","slug":"coffee-break-con-luisa-alemany-directora-del-instituto-de-iniciativa-emprendedora-de-esade","status":"publish","type":"noticias","link":"https:\/\/test.madridemprende.anovagroup.es\/en\/noticias\/coffee-break-con-luisa-alemany-directora-del-instituto-de-iniciativa-emprendedora-de-esade\/","title":{"rendered":"Coffee Break con Luisa Alemany, directora del Instituto de Iniciativa Emprendedora de ESADE"},"content":{"rendered":"<p>El pasado viernes 20 de enero se dieron cita los emprendedores en un Coffee Break en el Vivero de Empresas de Puente de Vallecas. En esta ocasi\u00f3n hemos contado con Luisa Alemany (@LuAlemany), directora del Instituto de Iniciativa Emprendedora de ESADE. Luisa puede considerarse como una persona referencia en estudios sobre el emprendimiento en Espa\u00f1a. Doctora en Ciencias Econ\u00f3micas y Empresariales por la UCM y MBA por Stanford, tambi\u00e9n es autora de m\u00faltiples publicaciones sobre emprendimiento, entre las que destaca \u201cEmprender es posible\u201d o el \u201cLibro blanco de la iniciativa emprendedora en Espa\u00f1a\u201d.<\/p>\n<p> <strong>Objetivo de la formaci\u00f3n: emprender<\/strong><\/p>\n<p> Luisa explica que como directora de la Escuela de Emprendedores ESADE sus prioridades son \u201cFormaci\u00f3n, investigaci\u00f3n y divulgaci\u00f3n\u201c. En todos los cursos hay una asignatura relacionada con la creaci\u00f3n de empresas. Luisa opina que \u00abinvestigadores y tecn\u00f3logos pueden cambiar muchas cosas si aprenden a montar una empresa\u201d.<\/p>\n<p> Adem\u00e1s incluyen formaci\u00f3n para inversores, pues seg\u00fan Luisa \u201chacen falta emprendedores, pero tambi\u00e9n dinero para sus proyectos\u201d.<\/p>\n<p> <strong>La Educaci\u00f3n como pilar imprescindible<\/strong><\/p>\n<p> Luisa considera que, para valorar la figura del emprendedor, se debe partir de la Educaci\u00f3n: \u201cPara cambiar la cultura del pa\u00eds sobre emprendimiento, hay que cambiar el sistema educativo\u201d. Asimismo, destaca c\u00f3mo esa actitud emprendedora va impl\u00edcita en nuestra naturaleza, pues afirma que \u201clos ni\u00f1os son emprendedores natos, son creativos y no tienen aversi\u00f3n al riesgo. Luego van cambiando\u201d. Luisa cree que, en este sentido, hay que modificar esa p\u00e9rdida del car\u00e1cter emprendedor.<\/p>\n<p> <strong>El caso espa\u00f1ol<\/strong><\/p>\n<p> Luisa nos habla sobre las diferencias culturales entre Espa\u00f1a y Estados Unidos en relaci\u00f3n al emprendimiento: \u201cAqu\u00ed tendemos a pensar que nuestros problemas dependen m\u00e1s de causas externas\u201d, as\u00ed como destaca la labor de los medios de comunicaci\u00f3n a la hora de divulgar los proyectos emprendedores, pues \u201cla gente cree que aqu\u00ed no hay emprendedores, pero los hay, y muchos\u201d.<\/p>\n<p> <strong>Errores a evitar e informaci\u00f3n importante<\/strong><\/p>\n<p> El consejo que da Luisa a los emprendedores es \u201cno llevar su proyecto a un foro de inversi\u00f3n demasiado pronto, pues quemas el proyecto y al propio emprendedor\u201d. Adem\u00e1s, ante el miedo de los emprendedores a que un bussiness angel le copie su idea, Luisa afirma que \u201cuna buena idea no es tan f\u00e1cil de copiar e implementar\u201c.<\/p>\n<p> Despu\u00e9s de charlar con los asistentes, Luisa Alemany escribi\u00f3 una frase en el ventanal del Vivero de Empresas de Puente de Vallecas: \u201cYes, all of you can!! \u00c1nimo y a seguir emprendiendo y pas\u00e1ndolo bien!\u201d.<\/p>\n<p> En esta web os pod\u00e9is descargar el primer cap\u00edtulo de \u201cEmprender es posible\u201d: <a href=\"http:\/\/emprenderesposible.planetadelibros.com\">http:\/\/emprenderesposible.planetadelibros.com<\/a><\/p>\n","protected":false},"excerpt":{"rendered":"<p>El pasado viernes 20 de enero se dieron cita los emprendedores en un Coffee&#8230;<\/p>\n","protected":false},"featured_media":6759,"template":"","meta":{"_acf_changed":false},"categories":[],"noticias":[],"class_list":["post-6758","noticias","type-noticias","status-publish","has-post-thumbnail","hentry"],"acf":[],"_links":{"self":[{"href":"https:\/\/test.madridemprende.anovagroup.es\/en\/wp-json\/wp\/v2\/noticias\/6758"}],"collection":[{"href":"https:\/\/test.madridemprende.anovagroup.es\/en\/wp-json\/wp\/v2\/noticias"}],"about":[{"href":"https:\/\/test.madridemprende.anovagroup.es\/en\/wp-json\/wp\/v2\/types\/noticias"}],"version-history":[{"count":0,"href":"https:\/\/test.madridemprende.anovagroup.es\/en\/wp-json\/wp\/v2\/noticias\/6758\/revisions"}],"wp:featuredmedia":[{"embeddable":true,"href":"https:\/\/test.madridemprende.anovagroup.es\/en\/wp-json\/wp\/v2\/media\/6759"}],"wp:attachment":[{"href":"https:\/\/test.madridemprende.anovagroup.es\/en\/wp-json\/wp\/v2\/media?parent=6758"}],"wp:term":[{"taxonomy":"category","embeddable":true,"href":"https:\/\/test.madridemprende.anovagroup.es\/en\/wp-json\/wp\/v2\/categories?post=6758"},{"taxonomy":"noticias","embeddable":true,"href":"https:\/\/test.madridemprende.anovagroup.es\/en\/wp-json\/wp\/v2\/noticias?post=6758"}],"curies":[{"name":"wp","href":"https:\/\/api.w.org\/{rel}","templated":true}]}}