{"id":6760,"date":"2012-03-06T00:00:00","date_gmt":"2012-03-06T00:00:00","guid":{"rendered":"https:\/\/pre.madridemprende.anovagroup.es\/noticias\/coffee-break-con-gonzalo-brujo-ceo-de-interbrand\/"},"modified":"2022-06-08T11:39:41","modified_gmt":"2022-06-08T09:39:41","slug":"coffee-break-con-gonzalo-brujo-ceo-de-interbrand","status":"publish","type":"noticias","link":"https:\/\/test.madridemprende.anovagroup.es\/en\/noticias\/coffee-break-con-gonzalo-brujo-ceo-de-interbrand\/","title":{"rendered":"Coffee Break con Gonzalo Bruj\u00f3, CEO de Interbrand"},"content":{"rendered":"<p>El pasado viernes 24 de febrero tuvo lugar un Coffee Break en el Vivero de Empresas de Latina. En esta ocasi\u00f3n contamos con Gonzalo Bruj\u00f3, presidente para Latinoam\u00e9rica y la Pen\u00ednsula Ib\u00e9rica de Interbrand, la mayor consultora de marca del mundo, con 40 oficinas en m\u00e1s de 25 pa\u00edses.<\/p>\n<p> Interbrand tiene entre sus clientes a varias de las empresas del IBEX35 y realiza anualmente varios rankings de Marcas como el conocido Ranking de Mejores Marcas Espa\u00f1olas, lo que convierte a Gonzalo en uno de los mayores expertos internacionales en creaci\u00f3n de marcas de \u00e9xito y branding.<\/p>\n<p> <strong>La satisfacci\u00f3n de emprender<\/strong><\/p>\n<p> Gonzalo Bruj\u00f3 opina que junto \u00abjunto con tener hijos, plantar \u00e1rboles&#8230;, emprender es de lo que te da m\u00e1s satisfacci\u00f3n\u00bb. Y cree que \u00abcuando tienes una pasi\u00f3n la tienes que seguir\u00bb, como hizo \u00e9l mismo con el m\u00e1rketing.<\/p>\n<p> \u00abAnte la crisis, los valores de honestidad, trabajo&#8230; son cruciales\u00bb<\/p>\n<p> <strong>El valor de tu marca<\/strong><\/p>\n<p> Gonzalo piensa que la diferenciaci\u00f3n de la empresa la constituyen la marca m\u00e1s el capital humano. Y recalca: \u00abVuestra marca vale. No registr\u00e9is s\u00f3lo el nombre de la empresa, tambi\u00e9n el de la marca\u00bb.<\/p>\n<p> Recomienda tambi\u00e9n: \u00abtened siempre clara la posici\u00f3n de vuestra marca respecto a la competencia\u00bb.<\/p>\n<p> <strong>Escuchar a tus consumidores<\/strong><\/p>\n<p> Para Gonzalo, tener siempre presente a tus consumidores es esencial. Y pone un ejemplo: \u00abAmancio Ortega nunca tuvo vocaci\u00f3n internacional, pero se fijaba en el consumidor y en lo que necesitaba, esa fue la clave de su \u00e9xito\u00bb.\u00bbPensad siempre en qu\u00e9 piensan vuestros consumidores a la hora de comprar: \u00bfen la proximidad? \u00bfen el precio?\u00bb.<\/p>\n<p> <strong>Responsabilidad Social corporativa<\/strong><\/p>\n<p> Gonzalo cree que \u00abla Responsabilidad Social Corporativa es una tendencia imparable\u00bb y nos recuerda que \u00abimporta en la toma de decisi\u00f3n de tus consumidores\u00bb. Y explica: \u00abtenemos la Fundaci\u00f3n Interbrand para ayudar a emprendedores en la creaci\u00f3n de su marca\u00bb.<\/p>\n<p> <strong>Internacionalizaci\u00f3n<\/strong><\/p>\n<p> Gonzalo Bruj\u00f3 considera que salir al exterior no es una opci\u00f3n, sino una necesidad: \u00absi tu negocio est\u00e1 s\u00f3lo en Espa\u00f1a est\u00e1 m\u00e1s expuesto. Tienes que poner los huevos en diferentes cestas, hay que salir fuera\u00bb.<\/p>\n<p> A este respecto nos recuerda que \u00abde las 5 marcas que m\u00e1s crecen a nivel mundial, 2 son espa\u00f1olas: Inditex y Santander\u00bb.<\/p>\n<p> <strong>Innovaci\u00f3n<\/strong><\/p>\n<p> Gonzalo cree que \u00aben plena crisis nuestras marcas pueden crecer e innovar, recomiendo un 70% de consistencia y un 30% de innovaci\u00f3n\u00bb. Y recalca que \u00abes important\u00edsimo parar y pensar. Coged vuestro port\u00e1til y salid de vuestro entorno habitual\u00bb.<\/p>\n<p> En su opini\u00f3n, \u00ablos modelos de negocio est\u00e1n cambiando, y los emprendedores tienen mucho que aportar en esa renovaci\u00f3n\u00bb.<\/p>\n<p> \u00ab\u00bfPorqu\u00e9 Inditex, siendo espa\u00f1ola, no puede ser la primera marca mundial? Puede, y vuestras marcas tambi\u00e9n\u00bb.<\/p>\n<p> Tras conversar con los asistentes, Gonzalo Bruj\u00f3 escribi\u00f3 una frase en un ventanal del Vivero de Latina: \u00abDetr\u00e1s de una marca, hay una gran idea\u00bb.<\/p>\n","protected":false},"excerpt":{"rendered":"<p>El pasado viernes 24 de febrero tuvo lugar un Coffee Break en el Vivero de&#8230;<\/p>\n","protected":false},"featured_media":6761,"template":"","meta":{"_acf_changed":false},"categories":[],"noticias":[],"class_list":["post-6760","noticias","type-noticias","status-publish","has-post-thumbnail","hentry"],"acf":[],"_links":{"self":[{"href":"https:\/\/test.madridemprende.anovagroup.es\/en\/wp-json\/wp\/v2\/noticias\/6760"}],"collection":[{"href":"https:\/\/test.madridemprende.anovagroup.es\/en\/wp-json\/wp\/v2\/noticias"}],"about":[{"href":"https:\/\/test.madridemprende.anovagroup.es\/en\/wp-json\/wp\/v2\/types\/noticias"}],"version-history":[{"count":0,"href":"https:\/\/test.madridemprende.anovagroup.es\/en\/wp-json\/wp\/v2\/noticias\/6760\/revisions"}],"wp:featuredmedia":[{"embeddable":true,"href":"https:\/\/test.madridemprende.anovagroup.es\/en\/wp-json\/wp\/v2\/media\/6761"}],"wp:attachment":[{"href":"https:\/\/test.madridemprende.anovagroup.es\/en\/wp-json\/wp\/v2\/media?parent=6760"}],"wp:term":[{"taxonomy":"category","embeddable":true,"href":"https:\/\/test.madridemprende.anovagroup.es\/en\/wp-json\/wp\/v2\/categories?post=6760"},{"taxonomy":"noticias","embeddable":true,"href":"https:\/\/test.madridemprende.anovagroup.es\/en\/wp-json\/wp\/v2\/noticias?post=6760"}],"curies":[{"name":"wp","href":"https:\/\/api.w.org\/{rel}","templated":true}]}}