{"id":6784,"date":"2014-01-23T00:00:00","date_gmt":"2014-01-23T00:00:00","guid":{"rendered":"https:\/\/pre.madridemprende.anovagroup.es\/noticias\/pablo-claver-autor-de-yo-tambien-puedo-emprender-compartio-un-coffee-break-con-emprendedores-en-el-vivero-de-san-blas\/"},"modified":"2022-06-08T11:36:40","modified_gmt":"2022-06-08T09:36:40","slug":"pablo-claver-autor-de-yo-tambien-puedo-emprender-compartio-un-coffee-break-con-emprendedores-en-el-vivero-de-san-blas","status":"publish","type":"noticias","link":"https:\/\/test.madridemprende.anovagroup.es\/en\/noticias\/pablo-claver-autor-de-yo-tambien-puedo-emprender-compartio-un-coffee-break-con-emprendedores-en-el-vivero-de-san-blas\/","title":{"rendered":"Pablo Claver, autor de \u00abYo tambi\u00e9n puedo emprender\u00bb, comparti\u00f3 un Coffee Break con emprendedores en el Vivero de San Blas"},"content":{"rendered":"<p>El pasado martes 21 ha tenido lugar un Coffee Break en el Vivero de Empresas de San Blas. En esta ocasi\u00f3n el invitado ha sido Pablo Claver (@PabloClaverM), autor del libro \u00abYo tambi\u00e9n puedo emprender\u00bb, donde trata sobre las claves del \u00e9xito del emprendedor, haciendo una invitaci\u00f3n al lector a crear su propio proyecto o mejorar el que tiene.<\/p>\n<p> Antes de cumplir los 30 a\u00f1os, Pablo hab\u00eda creado 3 empresas. Un lustro despu\u00e9s sufri\u00f3 su primer fracaso empresarial. A los 40 a\u00f1os, vendi\u00f3 su grupo de empresas y desde hace 20 a\u00f1os es docente y conferenciante sobre emprendimiento. Actualmente es director general en Colombia y Per\u00fa de Demos Group, multinacional francesa especializada en capacitaci\u00f3n y consultor\u00eda, donde se capacitan anualmente m\u00e1s de 500.000 personas.<\/p>\n<p> <strong>Emprendedor desde los nueve<\/strong><\/p>\n<p> Pablo Claver es un emprendedor nato: \u00abcon 9 a\u00f1os mont\u00e9 un puesto de venta de cromos de f\u00fatbol con mi hermano. Ese fue mi primer negocio\u00bb. Desde entonces Pablo ha continuado emprendiendo, sin desanimarse cuando las cosas no han ido bien. A este respecto cita un refr\u00e1n: \u00abLo que sucede conviene\u00bb, ya que \u00absiempre he procurado sacar lo positivo de los fracasos\u00bb.<\/p>\n<p> <strong>Millones de emprendedores an\u00f3nimos<\/strong><\/p>\n<p> En relaci\u00f3n a los ejemplos a seguir para emprender, Pablo piensa que \u00abgente como Steve Jobs, Bill Gates y otros, son inimitables. Pero hay millones de emprendedores an\u00f3nimos que son un ejemplo, y est\u00e1n a vuestro alrededor\u00bb.<\/p>\n<p> Pablo Claver considera que \u00abcada idea de negocio que no se hace realidad es un pozo de petr\u00f3leo inactivo. Y en Espa\u00f1a hay miles\u00bb. Para contribuir a que estas ideas no se queden en el tintero y \u00abcrucen el puente entre la idea y la realidad\u00bb escribi\u00f3 \u00abYo tambi\u00e9n puedo emprender\u00bb.<\/p>\n<p> <strong>La felicidad como objetivo del emprendedor<\/strong><\/p>\n<p> Pablo explica que \u00aben estos a\u00f1os he abierto muchos negocios, pero sobre todo he sido feliz\u00bb. \u00abHe trabajado mucho, pero la mayor\u00eda de los d\u00edas me he levantado contento\u00bb. Y sobre la motivaci\u00f3n para emprender, dice que \u00abla cuenta corriente es importante, pero para mi lo principal es la cuenta emocional\u00bb.<\/p>\n<p> Preguntado por cuales son las claves para alcanzar esa felicidad, Pablo responde que hay muchas, pero destaca tres: \u00abSer positivo, cuidar tu salud, y tener pasi\u00f3n por lo que haces\u00bb.<\/p>\n<p> <strong>Compa\u00f1eros de viaje<\/strong><\/p>\n<p> Sobre la disyuntiva de con qui\u00e9n emprender Pablo responde que \u00abasociarte con amigos del alma, o tener muchos socios en proyectos que est\u00e1n arrancando es muy complejo\u00bb. Y explica que emprender con amigos tiene el riesgo de que las dificultades que atraviese el negocio hagan mella en la relaci\u00f3n personal.<\/p>\n<p> Pablo considera clave la comunicaci\u00f3n con tus socios: \u00ablas empresas son como los matrimonios, lo mejor que tiene un socio es que puedes hablar con \u00e9l\u00bb.<\/p>\n<p> \u00a0<\/p>\n<p> <strong>Internacionalizaci\u00f3n<\/strong><\/p>\n<p> Pablo Claver pone en valor la capacidad de adaptaci\u00f3n que han tenido que desarrollar las personas que han venido de fuera, \u00e9l mismo ha dado el paso de cambiar de pa\u00eds, aunque con el mismo idioma.<\/p>\n<p> Al preguntarle por cuales son los mercados a tener en cuenta al internacionalizar, Pablo responde que \u00abel emprendedor espa\u00f1ol siempre mira a Latinoam\u00e9rica por el idioma (yo el primero), pero creo que tambi\u00e9n hay que mirar a \u00c1frica\u00bb, al ser este continente un mercado mucho m\u00e1s virgen.<\/p>\n<p> \u00a0<\/p>\n<p> <strong>Tipos de negocio<\/strong><\/p>\n<p> \u00abHay vida fuera de Internet, no todos los negocios tienen por qu\u00e9 ser tecnol\u00f3gicos\u00bb, considera Pablo Claver, aunque matiza que \u00absiempre debes tener algo de presencia\u00bb, como estar en redes sociales.<\/p>\n<p> Ante la pregunta de si es conveniente tener varios proyectos a la vez, Pablo recomienda \u00abtener el foco puesto en algo, sobre todo cuando empiezas\u00bb.<\/p>\n<p> Para terminar, Pablo Claver reparti\u00f3 gratuitamente varios ejemplares de \u00abYo tambi\u00e9n puedo emprender\u00bb entres los asistentes al Coffee Break, y tras hablar un rato m\u00e1s e intercambiar tarjetas, dej\u00f3 una frase escrita en una ventana del Vivero de Empresas de San Blas: \u00abEn todos los epitafios deber\u00eda aparecer la palabra FELIZ\u00bb.<\/p>\n","protected":false},"excerpt":{"rendered":"<p>El pasado martes 21 ha tenido lugar un Coffee Break en el Vivero de&#8230;<\/p>\n","protected":false},"featured_media":6785,"template":"","meta":{"_acf_changed":false},"categories":[],"noticias":[],"class_list":["post-6784","noticias","type-noticias","status-publish","has-post-thumbnail","hentry"],"acf":[],"_links":{"self":[{"href":"https:\/\/test.madridemprende.anovagroup.es\/en\/wp-json\/wp\/v2\/noticias\/6784"}],"collection":[{"href":"https:\/\/test.madridemprende.anovagroup.es\/en\/wp-json\/wp\/v2\/noticias"}],"about":[{"href":"https:\/\/test.madridemprende.anovagroup.es\/en\/wp-json\/wp\/v2\/types\/noticias"}],"version-history":[{"count":0,"href":"https:\/\/test.madridemprende.anovagroup.es\/en\/wp-json\/wp\/v2\/noticias\/6784\/revisions"}],"wp:featuredmedia":[{"embeddable":true,"href":"https:\/\/test.madridemprende.anovagroup.es\/en\/wp-json\/wp\/v2\/media\/6785"}],"wp:attachment":[{"href":"https:\/\/test.madridemprende.anovagroup.es\/en\/wp-json\/wp\/v2\/media?parent=6784"}],"wp:term":[{"taxonomy":"category","embeddable":true,"href":"https:\/\/test.madridemprende.anovagroup.es\/en\/wp-json\/wp\/v2\/categories?post=6784"},{"taxonomy":"noticias","embeddable":true,"href":"https:\/\/test.madridemprende.anovagroup.es\/en\/wp-json\/wp\/v2\/noticias?post=6784"}],"curies":[{"name":"wp","href":"https:\/\/api.w.org\/{rel}","templated":true}]}}