{"id":6792,"date":"2014-09-28T00:00:00","date_gmt":"2014-09-28T00:00:00","guid":{"rendered":"https:\/\/pre.madridemprende.anovagroup.es\/noticias\/arranca-en-madrid-el-primer-datathon-de-datos-abiertos-de-la-ciudad44-maddata\/"},"modified":"2022-06-08T11:36:36","modified_gmt":"2022-06-08T09:36:36","slug":"arranca-en-madrid-el-primer-datathon-de-datos-abiertos-de-la-ciudad44-maddata","status":"publish","type":"noticias","link":"https:\/\/test.madridemprende.anovagroup.es\/en\/noticias\/arranca-en-madrid-el-primer-datathon-de-datos-abiertos-de-la-ciudad44-maddata\/","title":{"rendered":"Arranca en Madrid el primer datathon de datos abiertos de la ciudad, MADdata<BR>"},"content":{"rendered":"<p>Los pasados d\u00edas 27 y 28 de septiembre, tuvo lugar en <strong>Medialab Prado<\/strong> el arranque, o fase start, de <strong>MADdata<\/strong>, el primer datathon de datos abiertos de Madrid; esto es, la primera competici\u00f3n de datos abiertos en un tiempo y espacio determinados, de la ciudad. Este datathon est\u00e1 organizado por <strong>everis<\/strong> y el <strong>Ayuntamiento de Madrid<\/strong> a trav\u00e9s de <strong>Madrid Emprende<\/strong>, y cuenta con la colaboraci\u00f3n de <strong>Medialab Prado<\/strong>, la <strong>EMT<\/strong> de Madrid (Empresa Municipal de Transportes), y <strong>Red.es<\/strong>.<\/p>\n<p> MADdata est\u00e1 orientado a emprendedores, desarrolladores, dise\u00f1adores, periodistas de datos e innovadores sociales. Los equipos participantes han creado una versi\u00f3n preliminar de su aplicaci\u00f3n durante el fin de semana que ha durado MADdata start.<\/p>\n<p> El evento comenz\u00f3 con un acto de presentaci\u00f3n en el que participaron <strong>Marcos Garc\u00eda<\/strong> (Director de <strong>Medialab Prad<\/strong>o), <strong>Miguel Lagares Lemos<\/strong> (Cofundador y Director de tecnolog\u00eda de <strong>Nimbeo<\/strong>), <strong>Pablo Mart\u00ednez Andr\u00e9s<\/strong> (desarrollador de la app <strong>Madrid Metro<\/strong><strong>|Bus|Cercan\u00edas<\/strong>), <strong>Javier Leal Fern\u00e1ndez<\/strong> (Socio responsable de sector p\u00fablico de <strong>everis<\/strong>) y <strong>Pedro Gonz\u00e1lez Torroba<\/strong> (Director General de <strong>Madrid Emprende<\/strong>).<br \/> Como cit\u00f3 Miguel Lagares, \\\u00bbLos datos son el petr\u00f3leo del Siglo XXI\\\u00bb. La importancia de los datos abiertos fue puesta en valor por Pedro Gonz\u00e1lez, quien dijo que \\\u00bbla pol\u00edtica de datos abiertos es clave para el ayuntamiento de Madrid\\\u00bb.<\/p>\n<p> El director de Madrid Emprende explic\u00f3 que los datos abiertos son una herramienta de desarrollo para la ciudad, y facilitan la transparencia. Una iniciativa municipal a destacar en este sentido es el Portal de Datos Abiertos de la Ciudad de Madrid, al que se puede acceder en <a href=\\\"http:\/\/datos.madrid.es\/\\\" target=\\\"_blank\\\">http:\/\/datos.madrid.es<\/a><\/p>\n<p> Tras la fase start de MADdata, se elegir\u00e1n 5 proyectos finalistas, que entregar\u00e1n la versi\u00f3n final; y posteriormente se elegir\u00e1 a los equipos ganadores. MAD data repartir\u00e1 15.000 euros en premios en tres categor\u00edas: Innovaci\u00f3n empresarial, Innovaci\u00f3n social y Visualizaci\u00f3n de datos.<\/p>\n<p> M\u00e1s informaci\u00f3n:<br \/> &#8211; Web de MADdata: <a href=\\\"http:\/\/l.facebook.com\/l.php?u=http%3A%2F%2Fwww.maddata.es%2F&#038;h=OAQHz-FGF&#038;s=1\\\" target=\\\"_blank\\\">http:\/\/www.maddata.es<\/a><br \/> &#8211; Noticia sobre MADdata en web de everis: <a href=\\\"http:\/\/ow.ly\/C7dEK\\\" target=\\\"_blank\\\">http:\/\/ow.ly\/C7dEK<\/a><\/p>\n","protected":false},"excerpt":{"rendered":"<p>Los pasados d\u00edas 27 y 28 de septiembre, tuvo lugar en Medialab Prado el&#8230;<\/p>\n","protected":false},"featured_media":6793,"template":"","meta":{"_acf_changed":false},"categories":[],"noticias":[],"class_list":["post-6792","noticias","type-noticias","status-publish","has-post-thumbnail","hentry"],"acf":[],"_links":{"self":[{"href":"https:\/\/test.madridemprende.anovagroup.es\/en\/wp-json\/wp\/v2\/noticias\/6792"}],"collection":[{"href":"https:\/\/test.madridemprende.anovagroup.es\/en\/wp-json\/wp\/v2\/noticias"}],"about":[{"href":"https:\/\/test.madridemprende.anovagroup.es\/en\/wp-json\/wp\/v2\/types\/noticias"}],"version-history":[{"count":0,"href":"https:\/\/test.madridemprende.anovagroup.es\/en\/wp-json\/wp\/v2\/noticias\/6792\/revisions"}],"wp:featuredmedia":[{"embeddable":true,"href":"https:\/\/test.madridemprende.anovagroup.es\/en\/wp-json\/wp\/v2\/media\/6793"}],"wp:attachment":[{"href":"https:\/\/test.madridemprende.anovagroup.es\/en\/wp-json\/wp\/v2\/media?parent=6792"}],"wp:term":[{"taxonomy":"category","embeddable":true,"href":"https:\/\/test.madridemprende.anovagroup.es\/en\/wp-json\/wp\/v2\/categories?post=6792"},{"taxonomy":"noticias","embeddable":true,"href":"https:\/\/test.madridemprende.anovagroup.es\/en\/wp-json\/wp\/v2\/noticias?post=6792"}],"curies":[{"name":"wp","href":"https:\/\/api.w.org\/{rel}","templated":true}]}}