{"id":6798,"date":"2014-10-02T00:00:00","date_gmt":"2014-10-02T00:00:00","guid":{"rendered":"https:\/\/pre.madridemprende.anovagroup.es\/noticias\/celebrada-la-primera-fase-del-premio-emprendedoras-2014-de-yo-dona-y-madrid-emprende\/"},"modified":"2022-06-08T11:36:35","modified_gmt":"2022-06-08T09:36:35","slug":"celebrada-la-primera-fase-del-premio-emprendedoras-2014-de-yo-dona-y-madrid-emprende","status":"publish","type":"noticias","link":"https:\/\/test.madridemprende.anovagroup.es\/en\/noticias\/celebrada-la-primera-fase-del-premio-emprendedoras-2014-de-yo-dona-y-madrid-emprende\/","title":{"rendered":"Celebrada la primera fase del Premio Emprendedoras 2014 de Yo Dona y Madrid Emprende"},"content":{"rendered":"<p>El jueves 2 de octubre ha tenido lugar en el <a href=\\\"\/es\/emprendedores\/espacios-para-emprendedores\/viveros-de-empresas\/Viveros\/ficha\/bd88c882e9b597a6d95b6b67fe83cc62\/\\\"><strong>Vivero de Empresas de Puente de Vallecas<\/strong><\/a> la primera fase del <strong>Premio Emprendedoras 2014<\/strong>.<br \/> Se trata de la cuarta edici\u00f3n del premio que organizan <strong>Yo Dona<\/strong> y <strong>Madrid Emprende<\/strong>. Las aspirantes desarrollar\u00e1n durante dos meses su plan de empresa en el<strong> Vivero de Puente de Vallecas<\/strong> con ayuda de mentoras de <a href=\\\"http:\/\/www.bodabook.com\/\\\" target=\\\"_blank\\\"><strong>Bodabook<\/strong><\/a>, <a href=\\\"http:\/\/www.womenalia.com\\\" target=\\\"_blank\\\"><strong>Womenalia<\/strong><\/a> y <a href=\\\"http:\/\/www.esade.edu\/web\/esp\/about-esade\/campus\/madrid\\\" target=\\\"_blank\\\"><strong>Esade<\/strong><\/a> con vistas a exponerlo en el Demo Day ante un jurado de expertos.<\/p>\n<p> La ganadora recibir\u00e1 amadrinamiento de una empresaria de \u00e9xito y podr\u00e1 instalar su negocio en<a href=\\\"\/es\/emprendedores\/espacios-para-emprendedores\/viveros-de-empresas\/Viveros\/ficha\/8a8823acabb3f7b8d9609b0a41497e3f\/\\\" target=\\\"_blank\\\"> <strong>Madrid International Lab<\/strong><\/a>, y obtener visibilidad a trav\u00e9s de la revista <a href=\\\"http:\/\/www.elmundo.es\/yodona.html\\\" target=\\\"_blank\\\"><strong>Yo Dona<\/strong> <\/a>y la red de mujeres profesionales <strong>Womenalia<\/strong>. Adem\u00e1s, el <a href=\\\"http:\/\/www.villanueva.edu\/\\\" target=\\\"_blank\\\"><strong>Centro Universitario Villanueva<\/strong><\/a> se incorpora este a\u00f1o al Premio Emprendedoras proporcionando una matr\u00edcula gratuita a la ganadora en el programa de su elecci\u00f3n.<br \/> \u00a0<br \/> Otra novedad este a\u00f1o es que habr\u00e1 tambi\u00e9n una categor\u00eda especial que premiar\u00e1 al mejor proyecto del sector de la moda y la belleza con una inscripci\u00f3n gratuita al <strong>M\u00e1ster de Comunicaci\u00f3n Telva &#038; Yo Dona<\/strong> del grupo <strong>Unidad Editorial<\/strong>.<br \/> \u00a0<br \/> Tras la bienvenida por parte de <strong>Marta Michel<\/strong>, directora de la revista <strong>Yo Dona<\/strong>, y <strong>Concepci\u00f3n Dancausa<\/strong>, Delegada del \u00c1rea de Econom\u00eda, Hacienda y Administraci\u00f3n P\u00fablica del <strong>Ayuntamiento de Madrid<\/strong>; empezaron los elevator pitches de las participantes, para los que dispon\u00edan de un y minuto y medio ante el jurado.<br \/> \u00a0<br \/> Despu\u00e9s de la deliberaci\u00f3n, se di\u00f3 a conocer los 15 proyectos finalistas que expondr\u00e1n en el Demo Day.<br \/> \u00a0<br \/> Estas han sido las <strong>Finalistas del Premio Emprendedoras 2014<\/strong>:<\/p>\n<ul>\n<li>Ana Torregrosa Pisonero, por su proyecto <a href=\\\"http:\/\/theshoppingstage.com\/\\\" target=\\\"_blank\\\">THE SHOPPING STAGE<\/a><\/li>\n<li>Sara Benavente Rodr\u00edguez y Mar\u00eda Gil, por su proyecto\u00a0<a href=\\\"http:\/\/www.thedorje.com\/\\\" target=\\\"_blank\\\">DORJE<\/a><\/li>\n<li>Inmaculada Grueso Coronado y Rocio de la Iglesia Gonz\u00e1lez, por su proyecto\u00a0<a href=\\\"http:\/\/www.smileatbaby.com\\\" target=\\\"_blank\\\">SMILEAT<\/a><\/li>\n<li>Aitana Tol\u00f3n Lucas, por su proyecto\u00a0KITchenGARDEN<\/li>\n<li>Maria Gutierrez,\u00a0Eva L\u00f3pez, Yolanda Men\u00e9ndez y Laura Torrico, por su proyecto<a href=\\\"http:\/\/www.muymiyo.com\/\\\" target=\\\"_blank\\\"> MUYMIYO<\/a><\/li>\n<li>Lola Iba\u00f1ez Fern\u00e1ndez de Lis, por su proyecto<a href=\\\"http:\/\/oddsworld.es\/\\\" target=\\\"_blank\\\"> ODDS<\/a><\/li>\n<li>Irene Mu\u00f1oz\u00a0Yag\u00fce, por su proyecto\u00a0<a href=\\\"http:\/\/www.ohmychic.es\/\\\" target=\\\"_blank\\\">OH MY CHIC!\u00a0<\/a><\/li>\n<li>Isabel P\u00e9rez-Salas\u00a0y\u00a0Mar\u00eda Jos\u00e9 Peidr\u00f3, por su proyecto\u00a0<a href=\\\"http:\/\/www.origencosmetics.com\\\" target=\\\"_blank\\\">ORIGEN BOBAL<\/a><\/li>\n<li>Laura Perez Ortega, Elisa Ram\u00edrez Catapano\u00a0y Cecilia Nu\u00f1ez, por su proyecto\u00a0<a href=\\\"http:\/\/www.lolablum.com\/\\\" target=\\\"_blank\\\">LOLA BLUM<\/a><\/li>\n<li>Maria-Christina Rus Dumitrescu, por su proyecto\u00a0<a href=\\\"http:\/\/www.spaces-on.com\\\" target=\\\"_blank\\\">SPACES\u00a0ON<\/a><\/li>\n<li>Lola R\u00faa Ayll\u00f3n, por su proyecto\u00a0<a href=\\\"https:\/\/www.efemerastudio.com\/\\\" target=\\\"_blank\\\">EF\u00c9MERA\u00a0<\/a><\/li>\n<li>Sonia L\u00f3pez Mera y Blanca Valverde Grimaldi, por su proyecto<a href=\\\"http:\/\/mrbroc.com\/es\/\\\" target=\\\"_blank\\\">\u00a0MRBROC<\/a><\/li>\n<li>Natalia Serrano Serrano, por su proyecto\u00a0<a href=\\\"http:\/\/www.takecoffee.net\/\\\" target=\\\"_blank\\\">TAKECOFFEE<\/a><\/li>\n<li>Tamara Cabezudo Merino, por su proyecto\u00a0<a href=\\\"http:\/\/www.cookita.es\/index.html\\\" target=\\\"_blank\\\">COOKITA<\/a><\/li>\n<li>Fedra Valderrey Aldonza, por su proyecto <a href=\\\"http:\/\/www.molinsolitario.es\/#!home3\/c1opv\\\" target=\\\"_blank\\\">MOLIN SOLITARIO<\/a><\/li>\n<\/ul>\n","protected":false},"excerpt":{"rendered":"<p>El jueves 2 de octubre ha tenido lugar en el Vivero de Empresas de Puente&#8230;<\/p>\n","protected":false},"featured_media":6799,"template":"","meta":{"_acf_changed":false},"categories":[],"noticias":[],"class_list":["post-6798","noticias","type-noticias","status-publish","has-post-thumbnail","hentry"],"acf":[],"_links":{"self":[{"href":"https:\/\/test.madridemprende.anovagroup.es\/en\/wp-json\/wp\/v2\/noticias\/6798"}],"collection":[{"href":"https:\/\/test.madridemprende.anovagroup.es\/en\/wp-json\/wp\/v2\/noticias"}],"about":[{"href":"https:\/\/test.madridemprende.anovagroup.es\/en\/wp-json\/wp\/v2\/types\/noticias"}],"version-history":[{"count":0,"href":"https:\/\/test.madridemprende.anovagroup.es\/en\/wp-json\/wp\/v2\/noticias\/6798\/revisions"}],"wp:featuredmedia":[{"embeddable":true,"href":"https:\/\/test.madridemprende.anovagroup.es\/en\/wp-json\/wp\/v2\/media\/6799"}],"wp:attachment":[{"href":"https:\/\/test.madridemprende.anovagroup.es\/en\/wp-json\/wp\/v2\/media?parent=6798"}],"wp:term":[{"taxonomy":"category","embeddable":true,"href":"https:\/\/test.madridemprende.anovagroup.es\/en\/wp-json\/wp\/v2\/categories?post=6798"},{"taxonomy":"noticias","embeddable":true,"href":"https:\/\/test.madridemprende.anovagroup.es\/en\/wp-json\/wp\/v2\/noticias?post=6798"}],"curies":[{"name":"wp","href":"https:\/\/api.w.org\/{rel}","templated":true}]}}