{"id":6806,"date":"2014-10-14T00:00:00","date_gmt":"2014-10-14T00:00:00","guid":{"rendered":"https:\/\/pre.madridemprende.anovagroup.es\/noticias\/el-desfile-madrid-fashion-tech-en-el-vivero-de-vallecas\/"},"modified":"2022-06-08T11:36:34","modified_gmt":"2022-06-08T09:36:34","slug":"el-desfile-madrid-fashion-tech-en-el-vivero-de-vallecas","status":"publish","type":"noticias","link":"https:\/\/test.madridemprende.anovagroup.es\/en\/noticias\/el-desfile-madrid-fashion-tech-en-el-vivero-de-vallecas\/","title":{"rendered":"El desfile \u00abMadrid Fashion Tech\u00bb en el Vivero de Vallecas"},"content":{"rendered":"<ul>\n<li>El desfile Madrid Fashion Tech ser\u00e1 el primero organizado en Madrid en el que los protagonistas no solo ser\u00e1n las colecciones de Moda y los dise\u00f1adores de las mismas, sino tambi\u00e9n las tecnolog\u00edas que est\u00e1n surgiendo en torno al sector<\/li>\n<li>Madrid Fashion Tech tendr\u00e1 lugar el jueves 23 de octubre en el Vivero de Empresas de Puente de Vallecas de Madrid Emprende (c\/ La Diligencia 9). En este centro, perteneciente a la red municipal de Viveros de Empresas, adem\u00e1s de prestarse distintos servicios para los emprendedores y pymes como en el resto de Viveros, se hace especial incapi\u00e9 en aquellos proyectos pertenecientes al al \u00e1mbito de la Moda, Confecci\u00f3n o Textil.\u00a0<\/li>\n<li>Este desfile es organizado por Madrid Emprende y ASECOM, Asociaci\u00f3n de empresas de Confecci\u00f3n y Moda de Madrid<br \/> \t\u00a0<\/li>\n<\/ul>\n<p> El pr\u00f3ximo<strong> 23 de octubre a las 16:00h <\/strong>se realizar\u00e1 el primer desfile focalizado en el \u00e1mbito<strong> Fashion Tech de Madrid en el Vivero de Empresas de Puente de Vallecas<\/strong>. Madrid Fashion Tech es un nuevo concepto de desfile, donde no solo las firmas y los dise\u00f1os ser\u00e1n los protagonistas sino tambi\u00e9n las nuevas tecnolog\u00edas que est\u00e1n surgiendo alrededor del mundo de la Moda. La proliferaci\u00f3n del uso de internet, las redes sociales y la generalizaci\u00f3n del uso de las nuevas tecnolog\u00edas, han supuesto una aut\u00e9ntica revoluci\u00f3n para distintos sectores, y el mundo de la Moda y la Confecci\u00f3n, no es una excepci\u00f3n, m\u00e1s bien al contrario.<br \/> En Madrid Fashion Tech, adem\u00e1s de poder disfrutar insitu de distintas colecciones, presentadas tanto por firmas emprendedoras como por marcas de prestigio, tambi\u00e9n se podr\u00e1n conocer y utilizar las soluciones que varios emprendedores tecnol\u00f3gicos madrile\u00f1os han desarrollado para revolucionar el mundo de la Moda, a la vez que se realiza el desfile. De este modo los asistentes no solo podr\u00e1n conocer estas apps y soluciones tecnol\u00f3gicas, sino comprobar c\u00f3mo funcionan en directo.<br \/> Desfilar\u00e1n marcas de prestigio y cierto recorrido que usan de manera sobresaliente las nuevas tecnolog\u00edas como principal canal de comunicaci\u00f3n y\/o venta (el ecommerce de moda <a href=\"http:\/\/www.elarmariodelatele.com\/\">El Armario de la Tele<\/a>, el portal de alquiler de vestidos\u00a0<a href=\"https:\/\/www.lamasmona.com\/login\">La M\u00e1s Mona<\/a>, o la firma de joyer\u00eda\u00a0<a href=\"http:\/\/www.alexandraplata.com\/\">Alexandra Plata<\/a>) junto a otras firmas emprendedoras (<a href=\"http:\/\/www.mylacambra.com\/\">Lacambra<\/a> marca de complementos de piel, o las firmas de moda de mujer\u00a0<a href=\"http:\/\/www.anandlee.com\/\">An&#038;Lee<\/a>\u00a0o <a href=\"https:\/\/pre.madridemprende.anovagroup.es\/empresa_Ficha.asp?ccClave=70\">Samarhe<\/a>) muy vinculadas a Madrid y al Vivero de Empresas.<br \/> A su vez se utilizar\u00e1n distintas soluciones tecnol\u00f3gicas que est\u00e1n incidiendo en el mundo Textil y de la Moda que ser\u00e1n presentadas por sus propios emprendedores y creadores (<a href=\"http:\/\/www.theshoppingstage.com\/\">The Shopping Stage<\/a> app de compra online,\u00a0<a href=\"http:\/\/digitaldivestudio.com\/\">Digital Dive Studio<\/a> especialistas en generaci\u00f3n de aplicaciones 3D o\u00a0<a href=\"http:\/\/www.dresscovery.com\/\">Dresscovery<\/a>, motor de b\u00fasqueda de productos de moda). Ana Torregrosa, fundadora y CEO de The Shopping Stage, adem\u00e1s de presentarnos su aplicaci\u00f3n tecnol\u00f3gica, ser\u00e1 la encargada de coordinar el desfile.<br \/> Este pionero Madrid Fashion Tech est\u00e1 organizado por <a href=\"https:\/\/pre.madridemprende.anovagroup.es\/\">Madrid Emprende<\/a> y <a href=\"http:\/\/asecom.org\/\">ASECOM<\/a>\u00a0y es un ejemplo de colaboraci\u00f3n entre distintos agentes del ecosistema\u00a0 emprendedor ya que ha sido posible gracias a la complicidad y apoyo de distintas empresas y marcas como:\u00a0<a href=\"http:\/\/about.me\/dj_flexi\">Flexi Music<\/a> que aportar\u00e1 m\u00fasica y sonido al desfile;\u00a0<a href=\"http:\/\/www.event.es\/\">Event SA<\/a> pantallas e iluminaci\u00f3n;\u00a0<a href=\"http:\/\/agoranews.es\/2014\/10\/23\/streaming-madrid-fashion-tech\">Agora News<\/a> que retransmitir\u00e1 en streaming el evento;\u00a0<a href=\"http:\/\/www.parallelemodels.com\/\">Paralelle<\/a> academia de la que desfilar\u00e1n las modelos;\u00a0<a href=\"http:\/\/www.tachigroup.es\/\">Tachi<\/a> peluquer\u00eda que peinar\u00e1 y maquillar\u00e1 a las modelos;\u00a0<a href=\"http:\/\/www.communitynext.es\/\">Community Next<\/a> encargada de la comunicaci\u00f3n online del evento; <a href=\"http:\/\/www.thinktextil.com\/\">Think Textil<\/a>, de la log\u00edstica; <a href=\"http:\/\/www.lasastreriadelasflores.com\/\">La Sastrer\u00eda de las Flores<\/a> de la decoraci\u00f3n; el catering ser\u00e1 cortes\u00eda de <a href=\"http:\/\/www.lablondacatering.com\/\">La Blonda<\/a>; y <a href=\"https:\/\/www.brabantecervezas.com\/\">Brabante<\/a>, Vinos Terribles\u00a0o\u00a0<a href=\"http:\/\/www.cocacola.es\/\">Coca Cola<\/a>\u00a0 aportar\u00e1n bebidas a los asistentes, entre varios otros colaboradores.<br \/> Adem\u00e1s de en los perfiles del Vivero de Empresas de Vallecas (<a href=\"https:\/\/twitter.com\/ViveroVallecas\">@viverovallecas<\/a>) o de Madrid Emprende (<a href=\"https:\/\/twitter.com\/MadridEmprende\">@MadridEmprende<\/a>), podr\u00e1s tener informaci\u00f3n actualizada del desfile Madrid Fashion Tech en sus\u00a0 canales de twitter\u00a0<a href=\"https:\/\/twitter.com\/MFashionTech\">@mfashiontech<\/a>\u00a0e <a href=\"http:\/\/instagram.com\/mfashiontech\" target=\"_blank\" rel=\"noopener\">Instagram\u00a0<\/a>o en la web creada al efecto <a href=\"http:\/\/asecom.org\/madridfashiontech\/\">http:\/\/asecom.org\/madridfashiontech\/<\/a> . Del mismo modo el desfile podr\u00e1 seguirse en streaming en <a href=\"http:\/\/agoranews.es\/2014\/10\/23\/streaming-madrid-fashion-tech\">http:\/\/agoranews.es\/2014\/10\/23\/streaming-madrid-fashion-tech<\/a><br \/> \u00a0<br \/> <strong>Para inscripciones o informaci\u00f3n adicional:<\/strong><br \/> Persona de contacto: Luc\u00eda Soriano<br \/> Mail:\u00a0<a href=\"mailto:viveropvallecas@asecom.org\">viveropvallecas@asecom.org<\/a>\u00a0<br \/> Tel\u00e9fono: 913 802 998<br \/> Direcci\u00f3n: C\/ Diligencia, 9. 28018 MADRID<\/p>\n","protected":false},"excerpt":{"rendered":"<p> \tEl desfile Madrid Fashion Tech ser\u00e1 el primero organizado en Madrid en el&#8230;<\/p>\n","protected":false},"featured_media":6807,"template":"","meta":{"_acf_changed":false},"categories":[],"noticias":[],"class_list":["post-6806","noticias","type-noticias","status-publish","has-post-thumbnail","hentry"],"acf":[],"_links":{"self":[{"href":"https:\/\/test.madridemprende.anovagroup.es\/en\/wp-json\/wp\/v2\/noticias\/6806"}],"collection":[{"href":"https:\/\/test.madridemprende.anovagroup.es\/en\/wp-json\/wp\/v2\/noticias"}],"about":[{"href":"https:\/\/test.madridemprende.anovagroup.es\/en\/wp-json\/wp\/v2\/types\/noticias"}],"version-history":[{"count":0,"href":"https:\/\/test.madridemprende.anovagroup.es\/en\/wp-json\/wp\/v2\/noticias\/6806\/revisions"}],"wp:featuredmedia":[{"embeddable":true,"href":"https:\/\/test.madridemprende.anovagroup.es\/en\/wp-json\/wp\/v2\/media\/6807"}],"wp:attachment":[{"href":"https:\/\/test.madridemprende.anovagroup.es\/en\/wp-json\/wp\/v2\/media?parent=6806"}],"wp:term":[{"taxonomy":"category","embeddable":true,"href":"https:\/\/test.madridemprende.anovagroup.es\/en\/wp-json\/wp\/v2\/categories?post=6806"},{"taxonomy":"noticias","embeddable":true,"href":"https:\/\/test.madridemprende.anovagroup.es\/en\/wp-json\/wp\/v2\/noticias?post=6806"}],"curies":[{"name":"wp","href":"https:\/\/api.w.org\/{rel}","templated":true}]}}