{"id":6810,"date":"2014-10-09T00:00:00","date_gmt":"2014-10-09T00:00:00","guid":{"rendered":"https:\/\/pre.madridemprende.anovagroup.es\/noticias\/la-agenda-laboral-del-gobierno-de-chile-analizada-en-madrid-international-lab\/"},"modified":"2022-06-08T11:36:34","modified_gmt":"2022-06-08T09:36:34","slug":"la-agenda-laboral-del-gobierno-de-chile-analizada-en-madrid-international-lab","status":"publish","type":"noticias","link":"https:\/\/test.madridemprende.anovagroup.es\/en\/noticias\/la-agenda-laboral-del-gobierno-de-chile-analizada-en-madrid-international-lab\/","title":{"rendered":"La Agenda Laboral del Gobierno de Chile, analizada en Madrid International Lab"},"content":{"rendered":"<p>El pasado jueves 9 de octubre tuvo lugar en el <strong>Madrid International Lab<\/strong> el evento <strong>\u00abAgenda Laboral del Gobierno de Chile\u00bb<\/strong>, organizado por la <strong>C\u00e1mara Hispanochilena<\/strong><strong> de Comercio, Industria, Cultura, Deportes y Turismo<\/strong> con la colaboraci\u00f3n de <strong>Madrid Emprende<\/strong>, y la participaci\u00f3n de la <strong>Embajada de Chile en Espa\u00f1a<\/strong>.<\/p>\n<p> En el evento, en el que se di\u00f3 a conocer la agenda laboral del pa\u00eds, estuvieron presentes <strong>Pedro Gonz\u00e1lez Torroba<\/strong>, director de Madrid Emprende; <strong>Carlos Morales<\/strong><strong> S\u00e1nchez<\/strong>, presidente de la C\u00e1mara Hispanochilena, y de <strong>Cristi\u00e1n Cuevas Zambrano<\/strong>, agregado laboral de la Embajada de Chile en Espa\u00f1a.<\/p>\n<p> Tras dar la bienvenida a los asistentes, Pedro Gonz\u00e1lez pas\u00f3 a explicar las funciones de Madrid Emprende, resaltando como objetivo clave \u00abatraer y retener talento emprendedor extranjero\u00bb, y mencionando el servicio de <strong>softlanding <\/strong>del Madrid International Lab de cara a los emprendedores no nacionales como parte de esa estrategia.<br \/> Por su parte, Carlos Morales recalc\u00f3 en nombre de la C\u00e1mara que \u00abqueremos que las empresas madrile\u00f1as conozcan el entorno laboral de Chile\u00bb, mientras que Cristi\u00e1n Cuevas detall\u00f3 los objetivos del gobierno chileno en materia laboral.<\/p>\n","protected":false},"excerpt":{"rendered":"<p>El pasado jueves 9 de octubre tuvo lugar en el Madrid International Lab el&#8230;<\/p>\n","protected":false},"featured_media":6811,"template":"","meta":{"_acf_changed":false},"categories":[],"noticias":[],"class_list":["post-6810","noticias","type-noticias","status-publish","has-post-thumbnail","hentry"],"acf":[],"_links":{"self":[{"href":"https:\/\/test.madridemprende.anovagroup.es\/en\/wp-json\/wp\/v2\/noticias\/6810"}],"collection":[{"href":"https:\/\/test.madridemprende.anovagroup.es\/en\/wp-json\/wp\/v2\/noticias"}],"about":[{"href":"https:\/\/test.madridemprende.anovagroup.es\/en\/wp-json\/wp\/v2\/types\/noticias"}],"version-history":[{"count":0,"href":"https:\/\/test.madridemprende.anovagroup.es\/en\/wp-json\/wp\/v2\/noticias\/6810\/revisions"}],"wp:featuredmedia":[{"embeddable":true,"href":"https:\/\/test.madridemprende.anovagroup.es\/en\/wp-json\/wp\/v2\/media\/6811"}],"wp:attachment":[{"href":"https:\/\/test.madridemprende.anovagroup.es\/en\/wp-json\/wp\/v2\/media?parent=6810"}],"wp:term":[{"taxonomy":"category","embeddable":true,"href":"https:\/\/test.madridemprende.anovagroup.es\/en\/wp-json\/wp\/v2\/categories?post=6810"},{"taxonomy":"noticias","embeddable":true,"href":"https:\/\/test.madridemprende.anovagroup.es\/en\/wp-json\/wp\/v2\/noticias?post=6810"}],"curies":[{"name":"wp","href":"https:\/\/api.w.org\/{rel}","templated":true}]}}