{"id":6812,"date":"2014-10-10T00:00:00","date_gmt":"2014-10-10T00:00:00","guid":{"rendered":"https:\/\/pre.madridemprende.anovagroup.es\/noticias\/madrid-emprende-en-the-south-summit-2014\/"},"modified":"2022-06-08T11:36:34","modified_gmt":"2022-06-08T09:36:34","slug":"madrid-emprende-en-the-south-summit-2014","status":"publish","type":"noticias","link":"https:\/\/test.madridemprende.anovagroup.es\/en\/noticias\/madrid-emprende-en-the-south-summit-2014\/","title":{"rendered":"Madrid Emprende en The South Summit 2014"},"content":{"rendered":"<p style=\"margin:0cm;margin-bottom:.0001pt;line-height:15.0pt\"><span style=\"font-size:10.5pt;font-family:Helvetica;color:#141823\">Entre los d\u00edas 8 y 10 de octubre tuvo lugar en la Plaza de Toros de Las Ventas, en Madrid,<strong>The South Summit 2014<\/strong>, la mayor congregaci\u00f3n en el sur de Europa de la esfera emprendedora, donde las startups m\u00e1s punteras de la zona, as\u00ed como del Mediterraneo y Latinoam\u00e9rica se encontraron con inversores, partners y representantes de diversas instituciones en un ambiente de intercambio de experiencias, realizaci\u00f3n de negocios y networking.<o:p><\/o:p><\/span><\/p>\n<p style=\"margin:0cm;margin-bottom:.0001pt;line-height:15.0pt\"><span style=\"font-size:10.5pt;font-family:Helvetica;color:#141823\">\u00a0<o:p><\/o:p><\/span><\/p>\n<p style=\"margin:0cm;margin-bottom:.0001pt;line-height:15.0pt\"><span style=\"font-size:10.5pt;font-family:Helvetica;color:#141823\"><strong>Madrid Emprende<\/strong><span class=\"apple-converted-space\">\u00a0<\/span>estuvo presente en The South Summit a trav\u00e9s de un stand desde el cual <st1:personname w:st=\"on\">info<\/st1:personname>rm\u00f3 de los servicios de apoyo que presta a emprendedores, tanto nacionales como internacionales. En el caso de estos \u00faltimos, Madrid Emprende proporciona facilidades para que elijan nuestra ciudad para emprender, como el servicio de soft landing.<o:p><\/o:p><\/span><\/p>\n<p style=\"margin:0cm;margin-bottom:.0001pt;line-height:15.0pt\"><span style=\"font-size:10.5pt;font-family:Helvetica;color:#141823\">\u00a0<o:p><\/o:p><\/span><\/p>\n<p style=\"margin:0cm;margin-bottom:.0001pt;line-height:15.0pt\"><strong><span style=\"font-size:10.5pt;font-family:Helvetica;color:#141823\">Oportunidades para invertir en Espa\u00f1a<\/span><\/strong><span style=\"font-size:10.5pt;font-family: Helvetica;color:#141823\"><o:p><\/o:p><\/span><\/p>\n<p style=\"margin:0cm;margin-bottom:.0001pt;line-height:15.0pt\"><span style=\"font-size:10.5pt;font-family:Helvetica;color:#141823\">En la inauguraci\u00f3n del evento intervinieron el presidente de la Comunidad de Madrid,<strong>Ignacio Gonz\u00e1lez<\/strong>; el ministro de Industria,<span class=\"apple-converted-space\"><b>\u00a0<\/b><\/span><strong>Jos\u00e9 Manuel Soria<\/strong>; la Vicepresidenta de <st1:personname productid=\"la Comisi\u00c3?\u00c6?\u00c3?\u00e2??\u00c3?\u00e2??\u00c3?\u00c2\u00b3n Europea\" w:st=\"on\">la Comisi\u00f3n Europea<\/st1:personname>,<span class=\"apple-converted-space\">\u00a0<\/span><strong>Neelie Kroes<\/strong>;<span class=\"apple-converted-space\">\u00a0<\/span><strong>Manuel Teruel<\/strong>, presidente de <st1:personname productid=\"la Fundaci\u00c3?\u00c6?\u00c3?\u00e2??\u00c3?\u00e2??\u00c3?\u00c2\u00b3n INCYDE\" w:st=\"on\">la Fundaci\u00f3n INCYDE<\/st1:personname> y del Consejo Superior de C\u00e1maras de Comercio; la presidenta de Google for Entrepreneurs,<strong>Mary Grove;<\/strong><span class=\"apple-converted-space\">\u00a0<\/span><strong>Ignacio Garralda<\/strong>, presidente de Mutua Madrile\u00f1a;<span class=\"apple-converted-space\">\u00a0<\/span><strong>Federico Fea<\/strong>, Jefe de Innovaci\u00f3n de Endesa;<span class=\"apple-converted-space\">\u00a0<\/span><strong>Santiago Fern\u00e1ndez Valbuena<\/strong>, Director General de Estrategia en Telef\u00f3nica y<span class=\"apple-converted-space\">\u00a0<\/span><strong>Mar\u00eda Benjumea<\/strong>, presidenta de Spain Startup.<o:p><\/o:p><\/span><\/p>\n<p style=\"margin:0cm;margin-bottom:.0001pt;line-height:15.0pt\"><span style=\"font-size:10.5pt;font-family:Helvetica;color:#141823\">\u00a0<o:p><\/o:p><\/span><\/p>\n<p style=\"margin:0cm;margin-bottom:.0001pt;line-height:15.0pt\"><span style=\"font-size:10.5pt;font-family:Helvetica;color:#141823\">\u00abDel \u00e9xito de los emprendedores depender\u00e1 nuestro futuro\u00bb, afirm\u00f3 el presidente Gonz\u00e1lez, a lo que el ministro Soria a\u00f1adi\u00f3 que Espa\u00f1a ofrece muchas oportunidades para invertir. Por su parte, Neelie Kroes asegur\u00f3 que las m\u00e1s de 60 startups participantes eran una prueba del potencial existente en <st1:personname productid=\"la Uni\u00c3?\u00c6?\u00c3?\u00e2??\u00c3?\u00e2??\u00c3?\u00c2\u00b3n Europea\" w:st=\"on\">la Uni\u00f3n Europea<\/st1:personname> y dijo que \u00abvosotros sois la prueba de que tenemos much\u00edsimo talento\u00bb.<o:p><\/o:p><\/span><\/p>\n<p style=\"margin:0cm;margin-bottom:.0001pt;line-height:15.0pt\"><span style=\"font-size:10.5pt;font-family:Helvetica;color:#141823\">\u00a0<o:p><\/o:p><\/span><\/p>\n<p style=\"margin:0cm;margin-bottom:.0001pt;line-height:15.0pt\"><span style=\"font-size:10.5pt;font-family:Helvetica;color:#141823\">Manuel Teruel explic\u00f3 que, desde su punto de vista, los bienes m\u00e1s escasos hoy \u00abson la iniciativa emprendedora y la capacidad competitiva\u00bb a lo que Santiago Fern\u00e1ndez agreg\u00f3 que el emprendimiento no es sino una cuesti\u00f3n de actitud.<o:p><\/o:p><\/span><\/p>\n<p style=\"margin:0cm;margin-bottom:.0001pt;line-height:15.0pt\"><span style=\"font-size:10.5pt;font-family:Helvetica;color:#141823\">\u00a0<o:p><\/o:p><\/span><\/p>\n","protected":false},"excerpt":{"rendered":"<p>Entre los d\u00edas 8 y 10 de octubre tuvo lugar en la Plaza de Toros de Las&#8230;<\/p>\n","protected":false},"featured_media":6813,"template":"","meta":{"_acf_changed":false},"categories":[],"noticias":[],"class_list":["post-6812","noticias","type-noticias","status-publish","has-post-thumbnail","hentry"],"acf":[],"_links":{"self":[{"href":"https:\/\/test.madridemprende.anovagroup.es\/en\/wp-json\/wp\/v2\/noticias\/6812"}],"collection":[{"href":"https:\/\/test.madridemprende.anovagroup.es\/en\/wp-json\/wp\/v2\/noticias"}],"about":[{"href":"https:\/\/test.madridemprende.anovagroup.es\/en\/wp-json\/wp\/v2\/types\/noticias"}],"version-history":[{"count":0,"href":"https:\/\/test.madridemprende.anovagroup.es\/en\/wp-json\/wp\/v2\/noticias\/6812\/revisions"}],"wp:featuredmedia":[{"embeddable":true,"href":"https:\/\/test.madridemprende.anovagroup.es\/en\/wp-json\/wp\/v2\/media\/6813"}],"wp:attachment":[{"href":"https:\/\/test.madridemprende.anovagroup.es\/en\/wp-json\/wp\/v2\/media?parent=6812"}],"wp:term":[{"taxonomy":"category","embeddable":true,"href":"https:\/\/test.madridemprende.anovagroup.es\/en\/wp-json\/wp\/v2\/categories?post=6812"},{"taxonomy":"noticias","embeddable":true,"href":"https:\/\/test.madridemprende.anovagroup.es\/en\/wp-json\/wp\/v2\/noticias?post=6812"}],"curies":[{"name":"wp","href":"https:\/\/api.w.org\/{rel}","templated":true}]}}