{"id":6822,"date":"2014-10-23T00:00:00","date_gmt":"2014-10-23T00:00:00","guid":{"rendered":"https:\/\/pre.madridemprende.anovagroup.es\/noticias\/madrid-fashion-tech-moda-y-tecnologia-en-el-vivero-de-puente-de-vallecas\/"},"modified":"2022-06-08T11:35:34","modified_gmt":"2022-06-08T09:35:34","slug":"madrid-fashion-tech-moda-y-tecnologia-en-el-vivero-de-puente-de-vallecas","status":"publish","type":"noticias","link":"https:\/\/test.madridemprende.anovagroup.es\/en\/noticias\/madrid-fashion-tech-moda-y-tecnologia-en-el-vivero-de-puente-de-vallecas\/","title":{"rendered":"Madrid Fashion Tech, moda y tecnolog\u00eda en el Vivero de Puente de Vallecas"},"content":{"rendered":"<p>El pasado jueves 23 de octubre, ha tenido lugar el desfile\u00a0<strong>Madrid Fashion Tech<\/strong>\u00a0en el <strong>Vivero de Empresas de Puente de Vallecas<\/strong>.<\/p>\n<p> Se trata del primer desfile organizado en Madrid que, adem\u00e1s de por las colecciones y sus dise\u00f1adores, ha sido protagonizado por las nuevas tecnolog\u00edas del sector de la moda.<\/p>\n<p> Abrieron Madrid Fashion Tech,\u00a0<strong>Carmen P\u00e9rez<\/strong>\u00a0de\u00a0<strong>Madrid Emprende<\/strong>\u00a0(Subdirectora General de Emprendedores y Pymes), y\u00a0<strong>\u00c1ngel Asensio<\/strong>, presidente de\u00a0<strong>ASECOM<\/strong>\u00a0(Asociaci\u00f3n de Empresas de Confecci\u00f3n y Moda), acompa\u00f1ados por el director del\u00a0<strong>Vivero de Puente de Vallecas<\/strong>,\u00a0<strong>Emilio Mart\u00ednez<\/strong>, y contando con la presencia de La concejala del\u00a0<strong>Distrito de Puente de Vallecas<\/strong>,\u00a0<strong>Eva Dur\u00e1n<\/strong>.<\/p>\n<p> \u00c1ngel Asensio recalc\u00f3 que \u00abla moda tiene que estar en las nuevas tecnolog\u00edas\u00bb, mientras que Carmen P\u00e9rez puso en valor la colaboraci\u00f3n del Ayuntamiento y de Madrid Emprende con las empresas y organizaciones de la sociedad civil, como ejemplifica el Vivero de Puente de Vallecas, que es el centro de la Red de Viveros especializado en el sector de la moda, y que est\u00e1 gestionado por ASECOM.<\/p>\n<p> A continuaci\u00f3n intervinieron\u00a0<strong>Dresscovery<\/strong>, app para el smartphone que permite identificar y comprar un bolso al que has hecho una foto;\u00a0<strong>Digital Dive<\/strong>, empresa que desarrolla todo tipo de aplicaciones 3D interactivas, y que ofrece un servicio que permite ver c\u00f3mo quedar\u00e1 un vestido que a\u00fan no ha sido creado; el ecommerce de moda\u00a0<strong>El Armario de la Tele<\/strong>; y\u00a0<strong>The Shopping Stage<\/strong>, app que permite comprar productos desde un evento de moda, o incluso desde cualquier lugar del mundo viendo el evento por streaming.<\/p>\n<p> Tras las intervenciones, desfilaron marcas de prestigio y con un cierto recorrido, que usan de manera destacada las nuevas tecnolog\u00edas como principal canal de comunicaci\u00f3n o de venta, como\u00a0<strong>El Armario de la Tele<\/strong>, el portal de alquiler de vestidos\u00a0<strong>La M\u00e1s Mona<\/strong>, o la firma de joyer\u00eda\u00a0<strong>Alexandra Plata<\/strong>; as\u00ed como firmas emprendedoras muy vinculadas a Madrid y al Vivero de Puente de Vallecas, como\u00a0<strong>Lacambra<\/strong>, marca de complementos de piel, o las firmas de moda de mujer\u00a0<strong>An&#038;Lee<\/strong>\u00a0o\u00a0<strong>Samarhe<\/strong>.  <\/p>\n<ul>\n<li>Pod\u00e9is ver el v\u00eddeo del evento que emiti\u00f3 por streaming \u00c1gora News aqu\u00ed:\u00a0<a href=\"http:\/\/l.facebook.com\/l.php?u=http%3A%2F%2Fow.ly%2FDtnJR&#038;h=jAQHt_mBQ&#038;s=1\" target=\"_blank\" rel=\"noopener\">http:\/\/ow.ly\/DtnJR<\/a><\/li>\n<li>Ten\u00e9is un \u00e1lbum de fotos de Madrid Fashion Tech, del fot\u00f3grafo Rafael Carlevaris, aqu\u00ed:\u00a0<a href=\"http:\/\/l.facebook.com\/l.php?u=http%3A%2F%2Fow.ly%2FDgoda&#038;h=uAQHnpgAk&#038;s=1\" target=\"_blank\" rel=\"noopener\">http:\/\/ow.ly\/Dgoda<\/a><\/li>\n<li>Y\u00a0 m\u00e1s informaci\u00f3n sobre las empresas que participaron en el evento aqu\u00ed:\u00a0<a href=\"http:\/\/l.facebook.com\/l.php?u=http%3A%2F%2Fow.ly%2FCNNaN&#038;h=WAQFPH4YT&#038;s=1\" target=\"_blank\" rel=\"noopener\">http:\/\/ow.ly\/CNNaN<\/a><\/li>\n<\/ul>\n","protected":false},"excerpt":{"rendered":"<p>El pasado jueves 23 de octubre, ha tenido lugar el desfile\u00a0Madrid Fashion&#8230;<\/p>\n","protected":false},"featured_media":6823,"template":"","meta":{"_acf_changed":false},"categories":[],"noticias":[],"class_list":["post-6822","noticias","type-noticias","status-publish","has-post-thumbnail","hentry"],"acf":[],"_links":{"self":[{"href":"https:\/\/test.madridemprende.anovagroup.es\/en\/wp-json\/wp\/v2\/noticias\/6822"}],"collection":[{"href":"https:\/\/test.madridemprende.anovagroup.es\/en\/wp-json\/wp\/v2\/noticias"}],"about":[{"href":"https:\/\/test.madridemprende.anovagroup.es\/en\/wp-json\/wp\/v2\/types\/noticias"}],"version-history":[{"count":0,"href":"https:\/\/test.madridemprende.anovagroup.es\/en\/wp-json\/wp\/v2\/noticias\/6822\/revisions"}],"wp:featuredmedia":[{"embeddable":true,"href":"https:\/\/test.madridemprende.anovagroup.es\/en\/wp-json\/wp\/v2\/media\/6823"}],"wp:attachment":[{"href":"https:\/\/test.madridemprende.anovagroup.es\/en\/wp-json\/wp\/v2\/media?parent=6822"}],"wp:term":[{"taxonomy":"category","embeddable":true,"href":"https:\/\/test.madridemprende.anovagroup.es\/en\/wp-json\/wp\/v2\/categories?post=6822"},{"taxonomy":"noticias","embeddable":true,"href":"https:\/\/test.madridemprende.anovagroup.es\/en\/wp-json\/wp\/v2\/noticias?post=6822"}],"curies":[{"name":"wp","href":"https:\/\/api.w.org\/{rel}","templated":true}]}}