{"id":6836,"date":"2014-11-12T00:00:00","date_gmt":"2014-11-12T00:00:00","guid":{"rendered":"https:\/\/pre.madridemprende.anovagroup.es\/noticias\/madrid-emprende-en-el-vii-encuentro-comercial-en-garaje\/"},"modified":"2022-06-08T11:35:32","modified_gmt":"2022-06-08T09:35:32","slug":"madrid-emprende-en-el-vii-encuentro-comercial-en-garaje","status":"publish","type":"noticias","link":"https:\/\/test.madridemprende.anovagroup.es\/en\/noticias\/madrid-emprende-en-el-vii-encuentro-comercial-en-garaje\/","title":{"rendered":"Madrid Emprende en el VII Encuentro Comercial en GarAJE"},"content":{"rendered":"<div><span style=\"font-size: 13px; line-height: 1.6em;\">Este\u00a0<\/span><strong style=\"font-size: 13px; line-height: 1.6em;\">mi\u00e9rcoles 12 de noviembre<\/strong><span style=\"font-size: 13px; line-height: 1.6em;\">\u00a0ha tenido lugar en\u00a0<\/span><strong style=\"font-size: 13px; line-height: 1.6em;\">GarAJE<\/strong><span style=\"font-size: 13px; line-height: 1.6em;\">\u00a0(C\/Matilde D\u00edez, 11-A), la sede de la\u00a0<\/span><strong style=\"font-size: 13px; line-height: 1.6em;\">Asociaci\u00f3n<\/strong><strong style=\"font-size: 13px; line-height: 1.6em;\"> de J\u00f3venes Empresarios<\/strong><span style=\"font-size: 13px; line-height: 1.6em;\">\u00a0de Madrid, el\u00a0<\/span><strong style=\"font-size: 13px; line-height: 1.6em;\">VII Encuentro Comercial<\/strong><span style=\"font-size: 13px; line-height: 1.6em;\">, organizado por\u00a0<\/span><strong style=\"font-size: 13px; line-height: 1.6em;\">negocios &#038; netoworking<\/strong><span style=\"font-size: 13px; line-height: 1.6em;\">\u00a0y\u00a0<\/span><strong style=\"font-size: 13px; line-height: 1.6em;\">AJE MAdrid<\/strong><span style=\"font-size: 13px; line-height: 1.6em;\">.<\/span><\/div>\n<div>\u00a0<br \/> El evento ha reunido a cientos de emprendedores, ofreci\u00e9ndoles reuni\u00f3nes bilaterales, sesiones de networking y establecimiento de contactos. Adem\u00e1s, el encuentro ha contado con diversos stands y ponencias.<br \/> \u00a0<br \/> Esta VII edici\u00f3n ha tenido car\u00e1cter nacional, contando con la participaci\u00f3n de todas las sedes del pa\u00eds, tanto de negocios &#038; networking, como de AJE.<br \/> \u00a0<br \/> El VII Encuentro Comercial di\u00f3 comienzo a las 10 de la ma\u00f1ana con las intervenciones de <strong>\u00c1ngel Monroy<\/strong>, presidente de\u00a0<strong>AJE Madrid<\/strong>;\u00a0<strong>Samuel Benzadon<\/strong>\u00a0y\u00a0<strong>Ruth Benzadon<\/strong>, directores de\u00a0<strong>negocios &#038; networking<\/strong>; as\u00ed como de\u00a0<strong>Pedro Gonz\u00e1lez Torroba<\/strong>, director de\u00a0<strong>Madrid Emprende<\/strong>.<br \/> \u00a0<br \/> En referencia a los emprendedores, como los presentes en el Encuentro Comercial, <strong>Pedro Gonz\u00e1lez<\/strong> destac\u00f3 que \u00ablos grandes protagonistas del desarrollo de las ciudades son las iniciativas privadas\u00bb.<\/div>\n","protected":false},"excerpt":{"rendered":"<p>Este\u00a0mi\u00e9rcoles 12 de noviembre\u00a0ha tenido lugar en\u00a0GarAJE\u00a0(C\/Matilde D\u00edez,&#8230;<\/p>\n","protected":false},"featured_media":6837,"template":"","meta":{"_acf_changed":false},"categories":[],"noticias":[],"class_list":["post-6836","noticias","type-noticias","status-publish","has-post-thumbnail","hentry"],"acf":[],"_links":{"self":[{"href":"https:\/\/test.madridemprende.anovagroup.es\/en\/wp-json\/wp\/v2\/noticias\/6836"}],"collection":[{"href":"https:\/\/test.madridemprende.anovagroup.es\/en\/wp-json\/wp\/v2\/noticias"}],"about":[{"href":"https:\/\/test.madridemprende.anovagroup.es\/en\/wp-json\/wp\/v2\/types\/noticias"}],"version-history":[{"count":0,"href":"https:\/\/test.madridemprende.anovagroup.es\/en\/wp-json\/wp\/v2\/noticias\/6836\/revisions"}],"wp:featuredmedia":[{"embeddable":true,"href":"https:\/\/test.madridemprende.anovagroup.es\/en\/wp-json\/wp\/v2\/media\/6837"}],"wp:attachment":[{"href":"https:\/\/test.madridemprende.anovagroup.es\/en\/wp-json\/wp\/v2\/media?parent=6836"}],"wp:term":[{"taxonomy":"category","embeddable":true,"href":"https:\/\/test.madridemprende.anovagroup.es\/en\/wp-json\/wp\/v2\/categories?post=6836"},{"taxonomy":"noticias","embeddable":true,"href":"https:\/\/test.madridemprende.anovagroup.es\/en\/wp-json\/wp\/v2\/noticias?post=6836"}],"curies":[{"name":"wp","href":"https:\/\/api.w.org\/{rel}","templated":true}]}}