{"id":6846,"date":"2014-11-27T00:00:00","date_gmt":"2014-11-27T00:00:00","guid":{"rendered":"https:\/\/pre.madridemprende.anovagroup.es\/noticias\/madrid-emprende-da-la-bienvenida-a-expo-3d-madrid\/"},"modified":"2022-06-08T11:35:31","modified_gmt":"2022-06-08T09:35:31","slug":"madrid-emprende-da-la-bienvenida-a-expo-3d-madrid","status":"publish","type":"noticias","link":"https:\/\/test.madridemprende.anovagroup.es\/en\/noticias\/madrid-emprende-da-la-bienvenida-a-expo-3d-madrid\/","title":{"rendered":"Madrid Emprende da la bienvenida a EXPO 3D Madrid"},"content":{"rendered":"<p> El jueves 4 de diciembre se celebra en Madrid el primer evento dedicado exclusivamente a la impresi\u00f3n 3D. Se trata de <strong>EXPO 3D <\/strong>(<a href=\"http:\/\/l.facebook.com\/l.php?u=http%3A%2F%2Fexpo3d.es%2F&#038;h=ZAQEivqSb&#038;s=1\" target=\"_blank\" rel=\"noopener\">http:\/\/expo3d.es\/<\/a>) y tendr\u00e1 lugar en las instalaciones de<strong> Medialab Prado<\/strong> (<a href=\"http:\/\/l.facebook.com\/l.php?u=http%3A%2F%2Fmedialab-prado.es%2F&#038;h=FAQFJnTFu&#038;s=1\" target=\"_blank\" rel=\"noopener\">http:\/\/medialab-prado.es\/<\/a>). Una exposici\u00f3n abierta a todos los p\u00fablicos donde se podr\u00e1n ver diferentes tipos de impresoras, demostraciones y asistir a conferencias. Una oportunidad \u00fanica para conocer de primera mano la tecnolog\u00eda de la nueva revoluci\u00f3n industrial.<br \/> \u00a0<br \/> Por otra parte los emprendedores de esta nueva industria tendr\u00e1n la oportunidad de conocer de primera mano el programa <strong>Fabulous<\/strong> (<a href=\"http:\/\/l.facebook.com\/l.php?u=http%3A%2F%2Ffabulous-fi.eu%2F&#038;h=kAQE14Mtu&#038;s=1\" target=\"_blank\" rel=\"noopener\">http:\/\/fabulous-fi.eu\/<\/a>) de la Uni\u00f3n Europea, una aceleradora que cuenta con 5,4 millones de euros para financiar las mejores ideas de impresi\u00f3n 3D.<br \/> \u00a0<br \/> En la Expo3D de Madrid van a participar miembros del grupo espa\u00f1ol de Rep Rap, los <strong>Clone Wars<\/strong> (<a href=\"http:\/\/l.facebook.com\/l.php?u=http%3A%2F%2Fwww.reprap.org%2Fwiki%2FProyecto_Clone_Wars&#038;h=zAQHorLlU&#038;s=1\" target=\"_blank\" rel=\"noopener\">http:\/\/www.reprap.org\/wiki\/Proyecto_Clone_Wars<\/a>), impulsores de la impresi\u00f3n 3D en Espa\u00f1a, as\u00ed como empresas y especialistas del sector.<\/p>\n<p> Aunque la agenda sigue abierta ya est\u00e1 confirmada la participaci\u00f3n de: <\/p>\n<ul>\n<li>Ignacio Garc\u00eda, fundador de <strong>Filaflex<\/strong>, (<a href=\"http:\/\/l.facebook.com\/l.php?u=http%3A%2F%2Frecreus.com%2Fes%2F4filaflex&#038;h=KAQHLC4Zh&#038;s=1\" target=\"_blank\" rel=\"noopener\">http:\/\/recreus.com\/es\/4filaflex<\/a>), el filamento m\u00e1s flexible del mundo, y creador de las primeras zapatillas impresas.<\/li>\n<li>Rosa Nieves y Borja Garc\u00eda de <strong>Printed Dreams<\/strong> (<a href=\"http:\/\/l.facebook.com\/l.php?u=http%3A%2F%2Fprinteddreams.es%2F&#038;h=XAQF6kNhl&#038;s=1\" target=\"_blank\" rel=\"noopener\">http:\/\/printeddreams.es\/<\/a>) que realizar\u00e1n una introducci\u00f3n a la impresi\u00f3n 3D.<\/li>\n<li>Silvia de la Maza de la consultora vizca\u00edna CARSA contar\u00e1 el programa Fabulous.<\/li>\n<li>Gustavo Ferrari de <strong>Stereoprint<\/strong>\u00a0(<a href=\"http:\/\/www.stereoprint.com\/\" target=\"_blank\" rel=\"noopener\">http:\/\/www.stereoprint.com\/<\/a>), \u00a0arquitecto y fundador de <strong>MADfab Hackspace Madrid<\/strong>\u00a0(<a href=\"http:\/\/madfab.es\/\" target=\"_blank\" rel=\"noopener\">http:\/\/madfab.es\/<\/a>), laboratorio de fabricaci\u00f3n digital, fabricaci\u00f3n personal y hardware libre.<\/li>\n<li>Juan Manuel Amuedo (de Clone Wars) dar\u00e1 una charla de introducci\u00f3n a la impresi\u00f3n 3D, una cita ineludible para todos los que est\u00e9n interesados en montar su propia impresora.<\/li>\n<li>Alberto Valero de <strong>BQ<\/strong> (<a href=\"http:\/\/www.bq.com\/es\/\" target=\"_blank\" rel=\"noopener\">http:\/\/www.bq.com\/es\/<\/a>), y Stephen B. England, de <strong>StudyPlan<\/strong> (<a href=\"http:\/\/l.facebook.com\/l.php?u=http%3A%2F%2Fwww.studyplan.es%2F&#038;h=aAQHPSAuF&#038;s=1\" target=\"_blank\" rel=\"noopener\">http:\/\/www.studyplan.es\/<\/a>) hablar\u00e1n de impresoras 3D en la Educaci\u00f3n.<\/li>\n<li>Habr\u00e1 una charla de equilibrado con Jorge G\u00f3mez de\u00a0<strong>Sindormir<\/strong> (<a href=\"https:\/\/www.facebook.com\/l.php?u=https%3A%2F%2Fsindormir.net%2F&#038;h=8AQGMMgJz&#038;s=1\" target=\"_blank\" rel=\"noopener\">https:\/\/sindormir.net\/<\/a>).<\/li>\n<\/ul>\n<p> Habr\u00e1, adem\u00e1s, una ronda de presentaciones para conocer diferentes modelos y funcionalidades de impresoras 3D. En concreto veremos:  <\/p>\n<ul>\n<li>WitBox<\/li>\n<li>GaliPrint3D<\/li>\n<li>DA VINCI 1.0<\/li>\n<li>MakerBot<\/li>\n<li>Mecaduino<\/li>\n<\/ul>\n<p> Este encuentro est\u00e1 organizado por el grupo de <strong>Impresi\u00f3n 3D <\/strong>de Madrid, (<a href=\"http:\/\/l.facebook.com\/l.php?u=http%3A%2F%2Fwww.meetup.com%2FImpresion-3D-Madrid%2F&#038;h=3AQHuOfMl&#038;s=1\" target=\"_blank\" rel=\"noopener\">http:\/\/www.meetup.com\/Impresion-3D-Madrid\/<\/a>), con la intenci\u00f3n de promover el conocimiento en torno a esta nueva tecnolog\u00eda y formar parte de una red de grupos similares en ciudades como Londres, Par\u00eds, Berl\u00edn o Barcelona.<br \/> <strong>D\u00eda<\/strong>: jueves 4 de diciembre de 2014<br \/> <strong>Luga<\/strong>r: Medialab Prado (C\/ Alameda 15, Madrid)<br \/> <strong>Horario<\/strong>: 12.00 \u2013 20.45 h<br \/> <strong>Inscripci\u00f3n gratis<\/strong>: <a href=\"http:\/\/www.meetup.com\/Impresion-3D-Madrid\/events\/210493952\/\" target=\"_blank\" rel=\"noopener\">http:\/\/www.meetup.com\/Impresion-3D-Madrid\/events\/210493952\/<\/a><\/p>\n","protected":false},"excerpt":{"rendered":"<p> El jueves 4 de diciembre se celebra en Madrid el primer evento dedicado&#8230;<\/p>\n","protected":false},"featured_media":6847,"template":"","meta":{"_acf_changed":false},"categories":[],"noticias":[],"class_list":["post-6846","noticias","type-noticias","status-publish","has-post-thumbnail","hentry"],"acf":[],"_links":{"self":[{"href":"https:\/\/test.madridemprende.anovagroup.es\/en\/wp-json\/wp\/v2\/noticias\/6846"}],"collection":[{"href":"https:\/\/test.madridemprende.anovagroup.es\/en\/wp-json\/wp\/v2\/noticias"}],"about":[{"href":"https:\/\/test.madridemprende.anovagroup.es\/en\/wp-json\/wp\/v2\/types\/noticias"}],"version-history":[{"count":0,"href":"https:\/\/test.madridemprende.anovagroup.es\/en\/wp-json\/wp\/v2\/noticias\/6846\/revisions"}],"wp:featuredmedia":[{"embeddable":true,"href":"https:\/\/test.madridemprende.anovagroup.es\/en\/wp-json\/wp\/v2\/media\/6847"}],"wp:attachment":[{"href":"https:\/\/test.madridemprende.anovagroup.es\/en\/wp-json\/wp\/v2\/media?parent=6846"}],"wp:term":[{"taxonomy":"category","embeddable":true,"href":"https:\/\/test.madridemprende.anovagroup.es\/en\/wp-json\/wp\/v2\/categories?post=6846"},{"taxonomy":"noticias","embeddable":true,"href":"https:\/\/test.madridemprende.anovagroup.es\/en\/wp-json\/wp\/v2\/noticias?post=6846"}],"curies":[{"name":"wp","href":"https:\/\/api.w.org\/{rel}","templated":true}]}}