{"id":6852,"date":"2014-12-03T00:00:00","date_gmt":"2014-12-03T00:00:00","guid":{"rendered":"https:\/\/pre.madridemprende.anovagroup.es\/noticias\/37-top-entrepreneurs-programa-mentor-con-rafael-ausejo\/"},"modified":"2022-06-08T11:35:30","modified_gmt":"2022-06-08T09:35:30","slug":"37-top-entrepreneurs-programa-mentor-con-rafael-ausejo","status":"publish","type":"noticias","link":"https:\/\/test.madridemprende.anovagroup.es\/en\/noticias\/37-top-entrepreneurs-programa-mentor-con-rafael-ausejo\/","title":{"rendered":"37\u00ba Top Entrepreneurs. Programa Mentor con Rafael Ausejo"},"content":{"rendered":"<p>El pr\u00f3ximo jueves 11 de diciembre tendr\u00e1 lugar la trig\u00e9simo s\u00e9ptima sesi\u00f3n del Programa Mentor \\\u00bbTop Entrepreneurs\\\u00bb. Se trata de una charla de un emprendedor de \u00e9xito relevante, con el objetivo de acercar la experiencia de los emprendedores de m\u00e1s \u00e9xito de nuestro pa\u00eds a emprendedores que est\u00e1n iniciando su proyecto empresarial. En esta ocasi\u00f3n intervendr\u00e1 <strong>Rafael Ausejo<\/strong>, emprendedor decano en el sector de Internet. Rafael es cofundador de <strong>Ruralka<\/strong>, empresa l\u00edder en el sector de reservas online de casas rurales y hoteles de calidad. Siempre en continua expansi\u00f3n, est\u00e1n presentes en Portugal, M\u00e9xico y Colombia, llegando ya a los 850.000 usuarios anuales y una facturaci\u00f3n anual de un mill\u00f3n de euros.\u00a0 Adem\u00e1s, Rafael participa en nuevas Startups como The Country Chef y Ruralka on the Road.<br \/> \u00a0<br \/> Se celebrar\u00e1 el pr\u00f3ximo d\u00eda 11 de diciembre (jueves) a las 12:00 horas en el Vivero de Empresas de Puente de Vallecas, en C\/ Diligencia n\u00ba 9. Metro: Buenos Aires (l\u00ednea 1) Cercan\u00edas: El Pozo. Bus: 10, 136, 310.<\/p>\n<p> Esta es una iniciativa abierta a todos los emprendedores. La asistencia es gratuita y se recomienda a los emprendedores asistentes que acudan provistos de sus tarjetas ante la posibilidad de establecer contactos, incluido el ponente, por supuesto.<\/p>\n<p> Todos los <a href=\\\"\/es\/emprendedores\/in-formacion-y-networking\/top-enterpreneur\/top-entrepreneur-rafael-ausejo-cofundador-de-ruralka\\\">detalles del evento e inscripciones aqu\u00ed<\/a><\/p>\n","protected":false},"excerpt":{"rendered":"<p>El pr\u00f3ximo jueves 11 de diciembre tendr\u00e1 lugar la trig\u00e9simo s\u00e9ptima sesi\u00f3n&#8230;<\/p>\n","protected":false},"featured_media":6853,"template":"","meta":{"_acf_changed":false},"categories":[],"noticias":[],"class_list":["post-6852","noticias","type-noticias","status-publish","has-post-thumbnail","hentry"],"acf":[],"_links":{"self":[{"href":"https:\/\/test.madridemprende.anovagroup.es\/en\/wp-json\/wp\/v2\/noticias\/6852"}],"collection":[{"href":"https:\/\/test.madridemprende.anovagroup.es\/en\/wp-json\/wp\/v2\/noticias"}],"about":[{"href":"https:\/\/test.madridemprende.anovagroup.es\/en\/wp-json\/wp\/v2\/types\/noticias"}],"version-history":[{"count":0,"href":"https:\/\/test.madridemprende.anovagroup.es\/en\/wp-json\/wp\/v2\/noticias\/6852\/revisions"}],"wp:featuredmedia":[{"embeddable":true,"href":"https:\/\/test.madridemprende.anovagroup.es\/en\/wp-json\/wp\/v2\/media\/6853"}],"wp:attachment":[{"href":"https:\/\/test.madridemprende.anovagroup.es\/en\/wp-json\/wp\/v2\/media?parent=6852"}],"wp:term":[{"taxonomy":"category","embeddable":true,"href":"https:\/\/test.madridemprende.anovagroup.es\/en\/wp-json\/wp\/v2\/categories?post=6852"},{"taxonomy":"noticias","embeddable":true,"href":"https:\/\/test.madridemprende.anovagroup.es\/en\/wp-json\/wp\/v2\/noticias?post=6852"}],"curies":[{"name":"wp","href":"https:\/\/api.w.org\/{rel}","templated":true}]}}