{"id":6858,"date":"2014-12-04T00:00:00","date_gmt":"2014-12-04T00:00:00","guid":{"rendered":"https:\/\/pre.madridemprende.anovagroup.es\/noticias\/madrid-reconoce-el-talento-empresarial-con-el-iv-premio-de-la-economia-social\/"},"modified":"2022-06-08T11:35:30","modified_gmt":"2022-06-08T09:35:30","slug":"madrid-reconoce-el-talento-empresarial-con-el-iv-premio-de-la-economia-social","status":"publish","type":"noticias","link":"https:\/\/test.madridemprende.anovagroup.es\/en\/noticias\/madrid-reconoce-el-talento-empresarial-con-el-iv-premio-de-la-economia-social\/","title":{"rendered":"Madrid reconoce el talento empresarial con el IV Premio de la Econom\u00eda Social"},"content":{"rendered":"<p style=\"margin: 0cm 0cm 0.0001pt; line-height: 12pt; background-image: initial; background-attachment: initial; background-size: initial; background-origin: initial; background-clip: initial; background-position: initial; background-repeat: initial;\"><span style=\"font-size:8.5pt;font-family:Helvetica;color:#141823\">Ayer se celebr\u00f3\u00a0<st1:personname productid=\"la\u00a0IV Edici\u00c3?\u00c2\u00b3n\" w:st=\"on\">la<span class=\"apple-converted-space\">\u00a0<\/span><strong>IV Edici\u00f3n<\/strong><\/st1:personname><strong> del Premio de <st1:personname productid=\"la Econom\u00c3?\u00c2\u00ada Social\" w:st=\"on\">la Econom\u00eda Social<\/st1:personname> y Aut\u00f3nomos de la Red de Viveros de <st1:personname w:st=\"on\">Madrid Emprende<\/st1:personname><\/strong>, una iniciativa del Ayuntamiento y las principales asociaciones de aut\u00f3nomos, cooperativas y sociedades laborales de Madrid, que tiene por objeto reconocer el talento empresarial presente en <st1:personname productid=\"la\u00a0Red\" w:st=\"on\">la<span class=\"apple-converted-space\">\u00a0<\/span><strong>Red<\/strong><\/st1:personname><strong> de Viveros de Empresas<\/strong><span class=\"apple-converted-space\">\u00a0<\/span>de la ciudad.<o:p><\/o:p><\/span><\/p>\n<p style=\"margin: 0cm 0cm 0.0001pt; line-height: 12pt; background-image: initial; background-attachment: initial; background-size: initial; background-origin: initial; background-clip: initial; background-position: initial; background-repeat: initial;\"><span style=\"font-size:8.5pt;font-family:Helvetica;color:#141823\"><o:p>\u00a0<\/o:p><\/span><\/p>\n<p style=\"margin: 0cm 0cm 0.0001pt; line-height: 12pt; background-image: initial; background-attachment: initial; background-size: initial; background-origin: initial; background-clip: initial; background-position: initial; background-repeat: initial;\"><span style=\"font-size:8.5pt;font-family:Helvetica;color:#141823\">El galard\u00f3n de este a\u00f1o ha reca\u00eddo en<span class=\"apple-converted-space\"><b>\u00a0<\/b><\/span><strong>Juan Manuel Ledesma<\/strong>, de la empresa de impermeabilizaci\u00f3n<span class=\"apple-converted-space\">\u00a0<\/span><strong>Naran Soluciones<\/strong>. La segunda finalista ha sido<span class=\"apple-converted-space\">\u00a0<\/span><strong>Isabel L\u00f3pez D\u00e1vila<\/strong>, de<strong>Tilde Consultora<\/strong>; y el tercer finalista<span class=\"apple-converted-space\">\u00a0<\/span><strong>Robinson Lachaga<\/strong>, de<span class=\"apple-converted-space\">\u00a0<\/span><strong>Extranjer\u00eda Abogados<\/strong>.<o:p><\/o:p><\/span><\/p>\n<p style=\"margin: 0cm 0cm 0.0001pt; line-height: 12pt; background-image: initial; background-attachment: initial; background-size: initial; background-origin: initial; background-clip: initial; background-position: initial; background-repeat: initial;\"><span style=\"font-size:8.5pt;font-family:Helvetica;color:#141823\">\u00a0<o:p><\/o:p><\/span><\/p>\n<p style=\"margin: 0cm 0cm 0.0001pt; line-height: 12pt; background-image: initial; background-attachment: initial; background-size: initial; background-origin: initial; background-clip: initial; background-position: initial; background-repeat: initial;\"><span style=\"font-size:8.5pt;font-family:Helvetica;color:#141823\">El acto de entrega se ha celebrado en el<span class=\"apple-converted-space\">\u00a0<\/span><strong>Vivero de Empresas de Carabanchel<\/strong><span class=\"apple-converted-space\">\u00a0<\/span>y ha estado presidido por la Coordinadora de Econom\u00eda y Empleo,<span class=\"apple-converted-space\">\u00a0<\/span><strong>Dolores Flores<\/strong>.<o:p><\/o:p><\/span><\/p>\n<p style=\"margin: 0cm 0cm 0.0001pt; line-height: 12pt; background-image: initial; background-attachment: initial; background-size: initial; background-origin: initial; background-clip: initial; background-position: initial; background-repeat: initial;\"><span style=\"font-size:8.5pt;font-family:Helvetica;color:#141823\">\u00a0<o:p><\/o:p><\/span><\/p>\n<p style=\"margin: 0cm 0cm 0.0001pt; line-height: 12pt; background-image: initial; background-attachment: initial; background-size: initial; background-origin: initial; background-clip: initial; background-position: initial; background-repeat: initial;\"><span style=\"font-size:8.5pt;font-family:Helvetica;color:#141823\">Antes de la ceremonia ha tenido lugar una mesa redonda en la que representantes de<span class=\"apple-converted-space\">\u00a0<\/span><strong>ATA<\/strong>,<strong>UPTA<\/strong>,<span class=\"apple-converted-space\">\u00a0<\/span><strong>ASALMA<\/strong><span class=\"apple-converted-space\">\u00a0<\/span>y<span class=\"apple-converted-space\">\u00a0<\/span><strong>FECOMA<\/strong>, han expuesto a los emprendedores de los diferentes viveros de <st1:personname w:st=\"on\">Madrid Emprende<\/st1:personname> las ventajas que presenta la f\u00f3rmula del empresario individual y de la econom\u00eda social para el futuro empresario.<o:p><\/o:p><\/span><\/p>\n","protected":false},"excerpt":{"rendered":"<p>Ayer se celebr\u00f3\u00a0la\u00a0IV Edici\u00f3n del Premio de la Econom\u00eda Social y Aut\u00f3nomos&#8230;<\/p>\n","protected":false},"featured_media":6859,"template":"","meta":{"_acf_changed":false},"categories":[],"noticias":[],"class_list":["post-6858","noticias","type-noticias","status-publish","has-post-thumbnail","hentry"],"acf":[],"_links":{"self":[{"href":"https:\/\/test.madridemprende.anovagroup.es\/en\/wp-json\/wp\/v2\/noticias\/6858"}],"collection":[{"href":"https:\/\/test.madridemprende.anovagroup.es\/en\/wp-json\/wp\/v2\/noticias"}],"about":[{"href":"https:\/\/test.madridemprende.anovagroup.es\/en\/wp-json\/wp\/v2\/types\/noticias"}],"version-history":[{"count":0,"href":"https:\/\/test.madridemprende.anovagroup.es\/en\/wp-json\/wp\/v2\/noticias\/6858\/revisions"}],"wp:featuredmedia":[{"embeddable":true,"href":"https:\/\/test.madridemprende.anovagroup.es\/en\/wp-json\/wp\/v2\/media\/6859"}],"wp:attachment":[{"href":"https:\/\/test.madridemprende.anovagroup.es\/en\/wp-json\/wp\/v2\/media?parent=6858"}],"wp:term":[{"taxonomy":"category","embeddable":true,"href":"https:\/\/test.madridemprende.anovagroup.es\/en\/wp-json\/wp\/v2\/categories?post=6858"},{"taxonomy":"noticias","embeddable":true,"href":"https:\/\/test.madridemprende.anovagroup.es\/en\/wp-json\/wp\/v2\/noticias?post=6858"}],"curies":[{"name":"wp","href":"https:\/\/api.w.org\/{rel}","templated":true}]}}