{"id":6862,"date":"2014-12-10T00:00:00","date_gmt":"2014-12-10T00:00:00","guid":{"rendered":"https:\/\/pre.madridemprende.anovagroup.es\/noticias\/tour-del-emprendimiento-los-centros-de-emprendedores-abren-sus-puertas-a-los-estudiantes\/"},"modified":"2022-06-08T11:35:30","modified_gmt":"2022-06-08T09:35:30","slug":"tour-del-emprendimiento-los-centros-de-emprendedores-abren-sus-puertas-a-los-estudiantes","status":"publish","type":"noticias","link":"https:\/\/test.madridemprende.anovagroup.es\/en\/noticias\/tour-del-emprendimiento-los-centros-de-emprendedores-abren-sus-puertas-a-los-estudiantes\/","title":{"rendered":"Tour del Emprendimiento: los centros de emprendedores abren sus puertas a los estudiantes"},"content":{"rendered":"<p><strong>Madrid Emprende<\/strong>\u00a0es entidad colaboradora del sector espa\u00f1ol de la campa\u00f1a de la Uni\u00f3n Europea\u00a0<strong>eSkills for Jobs<\/strong>\u00a0[<a href=\"http:\/\/l.facebook.com\/l.php?u=http%3A%2F%2Feskillsjobsspain.com%2F&#038;h=QAQFJa6jw&#038;s=1\" target=\"_blank\" rel=\"noopener\">http:\/\/eskillsjobsspain.com\/<\/a>] que gestionan en Espa\u00f1a\u00a0<strong>AMETIC\u00a0<\/strong>[<a href=\"http:\/\/l.facebook.com\/l.php?u=http%3A%2F%2Fwww.ametic.es%2F&#038;h=MAQEsdDNI&#038;s=1\" target=\"_blank\" rel=\"noopener\">http:\/\/www.ametic.es\/<\/a>] y la\u00a0<strong>Fundaci\u00f3n Tecnolog\u00edas<\/strong><strong> de la Informaci\u00f3n<\/strong>\u00a0[<a href=\"http:\/\/l.facebook.com\/l.php?u=http%3A%2F%2Fwww.fti.es%2F&#038;h=hAQHQdwjw&#038;s=1\" target=\"_blank\" rel=\"noopener\">http:\/\/www.fti.es\/<\/a>]. Esta campa\u00f1a tiene como objeto fomentar el uso de las TIC y el uso seguro de Internet, as\u00ed como las vocaciones tecnol\u00f3gicas en los j\u00f3venes europeos.<br \/> \u00a0<br \/> A lo largo de noviembre y diciembre han tenido lugar en Madrid varias actividades de eSkills for Jobs para estudiantes, en las que teniendo en mente su futuro laboral, han podido escuchar a representantes de empresas del sector relacionado con sus estudios.<br \/> \u00a0<br \/> De la mano de Madrid Emprende, los estudiantes tambi\u00e9n han conocido el emprendimiento como alternativa laboral, tanto a trav\u00e9s de charlas informativas como del\u00a0<strong>Tour del Emprendimiento<\/strong>: visitas a centros de emprendedores pertenecientes a la red de centros de Madrid Emprende o que cuentan con su apoyo.<br \/> \u00a0<br \/> <strong>7 de noviembre. Sede de la ETSIDI de la UPM<\/strong><br \/> Tras la bienvenida del Profesor\u00a0<strong>Roque Calvo<\/strong>, adjunto a la direcci\u00f3n para Relaciones con Empresas e Instituciones de\u00a0<strong>ETSIDI<\/strong>\u00a0y de\u00a0<strong>Aida Mill\u00e1n<\/strong>, coordinadora de la campa\u00f1a eSkills for Jobs; el director de e-commerce de\u00a0<strong>bq<\/strong>\u00a0[<a href=\"http:\/\/l.facebook.com\/l.php?u=http%3A%2F%2Fwww.bq.com%2Fes%2F&#038;h=FAQHOije5&#038;s=1\" target=\"_blank\" rel=\"noopener\">http:\/\/www.bq.com\/es\/<\/a>]\u00a0<strong>Guillem Barnolas<\/strong>, habl\u00f3 a los alumnos de la\u00a0<strong>ETSIDI<\/strong>\u00a0(Escuela T\u00e9cnica Superior de Ingenier\u00eda y Dise\u00f1o Industrial) de la\u00a0<strong>UPM<\/strong>\u00a0(Universidad Polit\u00e9cnica de Madrid), de las oportunidades laborales en el contexto digital.<br \/> \u00a0<br \/> Barnolas dijo que \u00absi tu no est\u00e1s en el mundo digital, otro lo estar\u00e1\u00bb, y destac\u00f3 que \u00abla actitud es m\u00e1s importante que la aptitud. Si no sabes, puedes aprender, pero la actitud se tiene o no se tiene\u00bb.<br \/> \u00a0<br \/> Por su parte\u00a0<strong>Javier Alonso<\/strong>, consultor jefe de Innovaci\u00f3n de Madrid Emprende, destac\u00f3 que \u00abel emprendimiento es una alternativa laboral a tener en cuenta\u00bb y opin\u00f3 que \u00abahora ya no hay un \u00fanico camino igual para todos, el paradigma ha cambiado\u00bb.<br \/> \u00a0<br \/> A continuaci\u00f3n, los estudiantes de la ETSIDI se desplazaron en autocar a la sede de bq, donde realizaron una visita.<br \/> \u00a0<br \/> <strong>13 de noviembre. Los alumnos de la ETSIDI visitan el Vivero de Moratalaz y Madrid on Rails.<\/strong><br \/> El jueves 13 de noviembre, los alumnos de la ETSIDI de la UPM llegaron en primer lugar al<strong>Vivero de Empresas de Moratalaz<\/strong>, el centro de la Red de Viveros de Madrid Emprende especializado en dise\u00f1o.<br \/> \u00a0<br \/> <strong>Amparo P\u00e9rez<\/strong>, coordinadora de la Red de Viveros, explic\u00f3 a los alumnos los servicios que ofrece un vivero de empresas, y puso en valor el contacto con otros emprendedores que ofrece este tipo de centros.<br \/> \u00a0<br \/> A continuaci\u00f3n los alumnos visitaron el despacho de un emprendedor incubado en el vivero,<strong>Karl Heinz Reiner<\/strong>, y tuvieron la oportunidad de conversar con \u00e9l y con su equipo. Karl explic\u00f3 a los estudiantes que \u00abtener tu idea est\u00e1 muy bien, pero tener un buen asesoramiento te ayuda a superar con \u00e9xito los comienzos\u00bb.<br \/> \u00a0<br \/> La siguiente parada del Tour del Emprendimiento fue el centro\u00a0<strong>Madrid on Rails<\/strong>, tambi\u00e9n de Madrid Emprende.\u00a0<strong>Alfonso Guill\u00e1n<\/strong>, responsable del centro, explic\u00f3 a los alumnos que \u00absi a\u00fan no ten\u00e9is oficina, pod\u00e9is reservar gratis estas salas para reuni\u00f3nes en Madrid on Rails\u00bb, y habl\u00f3 de las actividades para emprendedores que tienen lugar all\u00ed.<br \/> \u00a0<br \/> <strong>1 de diciembre. Ciencias de la Informaci\u00f3n (UCM), Factor\u00eda Cultural y Madrid on Rails<\/strong><br \/> El lunes 1 de diciembre tuvo lugar una mesa redonda en la\u00a0<strong>Facultad<\/strong><strong> de Ciencias de la Informaci\u00f3n<\/strong>\u00a0de la\u00a0<strong>UCM<\/strong>\u00a0(Universidad Complutense de Madrid). Tras la bienvenida por parte de\u00a0<strong>Hip\u00f3lito Vivar<\/strong>, del\u00a0<strong>Grupo de Investigaci\u00f3n Fonta<\/strong>\u00a0de la UCM, intervino\u00a0<strong>Fernando Herrero<\/strong>, subdirector general de Promoci\u00f3n Econ\u00f3mica y Ciudad Inteligente en Madrid Emprende, quien habl\u00f3 del emprendimiento como posibilidad laboral y detall\u00f3 a los alumnos los servicios que Madrid Emprende ofrece a los emprendedores.<br \/> \u00a0<br \/> <strong>Juan Gasc\u00f3n<\/strong>, de AMETIC, explic\u00f3 a los estudiantes que a pesar del paro existente, hay perfiles en el mundo digital sin cubrir. Por su parte,\u00a0<strong>Ignacio P\u00e9rez Dolset<\/strong>, cofundador del<strong>Grupo Zed<\/strong>\u00a0[<a href=\"http:\/\/l.facebook.com\/l.php?u=http%3A%2F%2Fwww.zed.com%2Fes&#038;h=JAQETChTI&#038;s=1\" target=\"_blank\" rel=\"noopener\">http:\/\/www.zed.com\/es<\/a>], opin\u00f3 que \u00abel mundo ha cambiado, pero el mundo de la comunicaci\u00f3n a\u00fan m\u00e1s\u00bb, y que \u00aben el campo digital, las oportunidades en este momento son infinitas\u00bb. Por otro lado,\u00a0<strong>Gamaliel Mart\u00ednez<\/strong>\u00a0de\u00a0<strong>U-tad<\/strong>\u00a0[<a href=\"http:\/\/l.facebook.com\/l.php?u=http%3A%2F%2Fwww.u-tad.com%2F&#038;h=QAQFJa6jw&#038;s=1\" target=\"_blank\" rel=\"noopener\">http:\/\/www.u-tad.com\/<\/a>] , dijo que \u00abel mundo de la comunicaci\u00f3n ya no es unidireccional\u00bb.<br \/> \u00a0<br \/> A continuaci\u00f3n, los alumnos de Ciencias de la Informaci\u00f3n visitaron la\u00a0<strong>Factor\u00eda Cultural\u00a0<\/strong>[<a href=\"http:\/\/l.facebook.com\/l.php?u=http%3A%2F%2Ffactoriaculturalmadrid.es%2F&#038;h=JAQETChTI&#038;s=1\" target=\"_blank\" rel=\"noopener\">http:\/\/factoriaculturalmadrid.es\/<\/a>]. \u00a0Se trata de un vivero de industrias creativas ubicado en\u00a0<strong>Matadero Madrid<\/strong>, y apoyado por varias entidades, entre ellas Madrid Emprende.<br \/> \u00a0<br \/> <strong>Santi Mazarrasa<\/strong>, responsable de la Factor\u00eda Cultural explic\u00f3 a los alumnos que \u00abllevamos s\u00f3lo 8 meses, pero los proyectos est\u00e1n marchando bien\u00bb. Los alumnos tuvieron la oportunidad de conversar con uno de los emprendedores incubados en la Factor\u00eda Cultural, que les habl\u00f3 de su productora audiovisual\u00a0<strong>LowMedia<\/strong>\u00a0[<a href=\"http:\/\/l.facebook.com\/l.php?u=http%3A%2F%2Fwww.lowmedia.es%2F&#038;h=7AQEqYVLw&#038;s=1\" target=\"_blank\" rel=\"noopener\">http:\/\/www.lowmedia.es\/<\/a>].<br \/> \u00a0<br \/> La \u00faltima parada del d\u00eda para los alumnos de la UCM fue Madrid on Rails.<br \/> \u00a0<br \/> <strong>4 de diciembre. FICOD 2014.<\/strong><br \/> El evento final de la campa\u00f1a eSkills for Jobs tuvo lugar en FICOD 2014 [<a href=\"https:\/\/www.facebook.com\/l.php?u=https%3A%2F%2Fficod.es%2F&#038;h=nAQHWmxiz&#038;s=1\" target=\"_blank\" rel=\"noopener\">https:\/\/ficod.es\/<\/a>] (Feria Internacional de Contenidos Digitales). En \u00e9l participaron Juan Gasc\u00f3n,\u00a0<strong>Pablo Hisp\u00e1n<\/strong>(director general de Mejora de la Calidad de la Ense\u00f1anza, de la\u00a0<strong>Consejer\u00eda<\/strong><strong> de Educaci\u00f3n, Juventud y Deporte de la Comunidad de Madrid<\/strong>), Hip\u00f3lito Vivar,\u00a0<strong>Alberto Ufano<\/strong>(programador en\u00a0<strong>Pyro Studios<\/strong>),\u00a0<strong>Jorge Calder\u00f3n<\/strong>\u00a0(miembro del Consejo Asesor de U-tad) y Fernando Herrero de Madrid Emprende.<\/p>\n","protected":false},"excerpt":{"rendered":"<p>Madrid Emprende\u00a0es entidad colaboradora del sector espa\u00f1ol de la campa\u00f1a de&#8230;<\/p>\n","protected":false},"featured_media":6863,"template":"","meta":{"_acf_changed":false},"categories":[],"noticias":[],"class_list":["post-6862","noticias","type-noticias","status-publish","has-post-thumbnail","hentry"],"acf":[],"_links":{"self":[{"href":"https:\/\/test.madridemprende.anovagroup.es\/en\/wp-json\/wp\/v2\/noticias\/6862"}],"collection":[{"href":"https:\/\/test.madridemprende.anovagroup.es\/en\/wp-json\/wp\/v2\/noticias"}],"about":[{"href":"https:\/\/test.madridemprende.anovagroup.es\/en\/wp-json\/wp\/v2\/types\/noticias"}],"version-history":[{"count":0,"href":"https:\/\/test.madridemprende.anovagroup.es\/en\/wp-json\/wp\/v2\/noticias\/6862\/revisions"}],"wp:featuredmedia":[{"embeddable":true,"href":"https:\/\/test.madridemprende.anovagroup.es\/en\/wp-json\/wp\/v2\/media\/6863"}],"wp:attachment":[{"href":"https:\/\/test.madridemprende.anovagroup.es\/en\/wp-json\/wp\/v2\/media?parent=6862"}],"wp:term":[{"taxonomy":"category","embeddable":true,"href":"https:\/\/test.madridemprende.anovagroup.es\/en\/wp-json\/wp\/v2\/categories?post=6862"},{"taxonomy":"noticias","embeddable":true,"href":"https:\/\/test.madridemprende.anovagroup.es\/en\/wp-json\/wp\/v2\/noticias?post=6862"}],"curies":[{"name":"wp","href":"https:\/\/api.w.org\/{rel}","templated":true}]}}