{"id":6888,"date":"2015-01-27T00:00:00","date_gmt":"2015-01-27T00:00:00","guid":{"rendered":"https:\/\/pre.madridemprende.anovagroup.es\/noticias\/trigsimo-octava-sesin-del-programa-mentor-34top-entrepreneurs34\/"},"modified":"2022-06-08T11:35:27","modified_gmt":"2022-06-08T09:35:27","slug":"trigsimo-octava-sesin-del-programa-mentor-34top-entrepreneurs34","status":"publish","type":"noticias","link":"https:\/\/test.madridemprende.anovagroup.es\/en\/noticias\/trigsimo-octava-sesin-del-programa-mentor-34top-entrepreneurs34\/","title":{"rendered":"Trig\u00e9simo octava sesi\u00f3n del Programa Mentor \u00abTop Entrepreneurs\u00bb"},"content":{"rendered":"<p>El pr\u00f3ximo 3 \u00a0de febrero tendr\u00e1 lugar la trig\u00e9simo octava sesi\u00f3n del Programa Mentor \\\u00bbTop Entrepreneurs\\\u00bb. Se trata de una charla de un emprendedor de \u00e9xito relevante, con el objetivo de acercar la experiencia de los emprendedores de m\u00e1s \u00e9xito de nuestro pa\u00eds a emprendedores que est\u00e1n iniciando su proyecto empresarial. En esta ocasi\u00f3n contaremos con la presencia de <strong>Pablo Gimeno<\/strong>, uno de los agentes m\u00e1s activos y carism\u00e1ticos en el ecosistema de Madrid. Es un emprendedor-inversor de referencia a nivel nacional con una importante metodolog\u00eda para cerrar la venta de una empresa. A los 18 a\u00f1os cre\u00f3 su primera startup propia, y hoy dirige un grupo empresarial que abarca sectores tan diversos como la publicidad, marketing, emprendimiento, inversi\u00f3n empresarial, asesor\u00eda contable, nuevas tecnolog\u00edas, \u00f3ptica, cocinas u otros. Pablo es fundador, entre otros, de Davanni Inversiones y de PGS Comunicaci\u00f3n. Tambi\u00e9n fund\u00f3 y dirige la Red de Inversores Privados, as\u00ed como el proyecto L\u00e1nzate que es una iniciativa para el desarrollo de empresas y el fomento del emprendimiento. Adem\u00e1s, Pablo fue uno de los inversores que participaron en el programa de TVE, <em>Tu Oportunidad<\/em> un talent show o concurso de emprendedores televisivo. Es colaborador habitual del Canal 24 horas y profesor de la Universidad Francisco de Vitoria.<br \/> \u00a0<br \/> Se celebrar\u00e1 el pr\u00f3ximo d\u00eda 3 de febrero (martes) a las 12:00 horas en el <a href=\\\"\/es\/emprendedores\/espacios-para-emprendedores\/viveros-de-empresas\/Viveros\/ficha\/afc8e50f7473e4ebf22f02df3729b5b0\/\\\" target=\\\"_self\\\">Vivero de Empresas de Moratalaz<\/a>\u00a0C\/ Camino de Vinateros n\u00ba 106. \u00a0Metro: Vinateros (l\u00ednea 9). Bus: 8 \u2013 20 \u2013 30 \u2013 32 \u2013 71<br \/> \u00a0\u00a0<br \/> Esta es una iniciativa abierta a todos los emprendedores. La asistencia es gratuita y se recomienda a los emprendedores asistentes que acudan provistos de sus tarjetas ante la posibilidad de establecer contactos, incluido el ponente, por supuesto.<br \/> \u00a0<br \/> Todos aquellos que deseen asistir pueden inscribirse cumplimentando el breve formulario de inscripci\u00f3n que pod\u00e9is encontrar en <a href=\\\"\/es\/Noticias\/NewsModule\/displayNewsSeo\/-9a9e1e2ba0fe0e46a7a5c14e8bb02be4\/a1e68e17934928aa18a4ef4fdc33060d\/\\\">el siguiente sitio web<\/a>.<\/p>\n","protected":false},"excerpt":{"rendered":"<p>El pr\u00f3ximo 3 \u00a0de febrero tendr\u00e1 lugar la trig\u00e9simo octava sesi\u00f3n del&#8230;<\/p>\n","protected":false},"featured_media":6889,"template":"","meta":{"_acf_changed":false},"categories":[],"noticias":[],"class_list":["post-6888","noticias","type-noticias","status-publish","has-post-thumbnail","hentry"],"acf":[],"_links":{"self":[{"href":"https:\/\/test.madridemprende.anovagroup.es\/en\/wp-json\/wp\/v2\/noticias\/6888"}],"collection":[{"href":"https:\/\/test.madridemprende.anovagroup.es\/en\/wp-json\/wp\/v2\/noticias"}],"about":[{"href":"https:\/\/test.madridemprende.anovagroup.es\/en\/wp-json\/wp\/v2\/types\/noticias"}],"version-history":[{"count":0,"href":"https:\/\/test.madridemprende.anovagroup.es\/en\/wp-json\/wp\/v2\/noticias\/6888\/revisions"}],"wp:featuredmedia":[{"embeddable":true,"href":"https:\/\/test.madridemprende.anovagroup.es\/en\/wp-json\/wp\/v2\/media\/6889"}],"wp:attachment":[{"href":"https:\/\/test.madridemprende.anovagroup.es\/en\/wp-json\/wp\/v2\/media?parent=6888"}],"wp:term":[{"taxonomy":"category","embeddable":true,"href":"https:\/\/test.madridemprende.anovagroup.es\/en\/wp-json\/wp\/v2\/categories?post=6888"},{"taxonomy":"noticias","embeddable":true,"href":"https:\/\/test.madridemprende.anovagroup.es\/en\/wp-json\/wp\/v2\/noticias?post=6888"}],"curies":[{"name":"wp","href":"https:\/\/api.w.org\/{rel}","templated":true}]}}