{"id":6896,"date":"2015-02-09T00:00:00","date_gmt":"2015-02-09T00:00:00","guid":{"rendered":"https:\/\/pre.madridemprende.anovagroup.es\/noticias\/10-anos-de-madrid-emprende-10-anos-trabajando-por-y-para-los-emprendedores\/"},"modified":"2022-06-08T11:35:26","modified_gmt":"2022-06-08T09:35:26","slug":"10-anos-de-madrid-emprende-10-anos-trabajando-por-y-para-los-emprendedores","status":"publish","type":"noticias","link":"https:\/\/test.madridemprende.anovagroup.es\/en\/noticias\/10-anos-de-madrid-emprende-10-anos-trabajando-por-y-para-los-emprendedores\/","title":{"rendered":"10 a\u00f1os de Madrid Emprende, 10 a\u00f1os trabajando por y para los emprendedores"},"content":{"rendered":"<p>Se cumplen diez a\u00f1os desde que el Ayuntamiento de Madrid apostara por la creaci\u00f3n de Madrid Emprende con el objetivo de apoyar a emprendedores y a Pymes, y para celebrarlo, emprendedores y Ayuntamiento de Madrid se han reunido en el Vivero de Empresas de Carabanchel, el mayor centro dedicado a los emprendedores de Espa\u00f1a, y, seg\u00fan palabras de <strong>Concepci\u00f3n Dancausa<\/strong>, Primera Teniente de Alcalde y titular del \u00c1rea de Gobierno de Econom\u00eda, Hacienda y Administraci\u00f3n P\u00fablica del Ayuntamiento de Madrid, un ecosistema que refleja a la perfecci\u00f3n el modus operandi de Madrid Emprende, donde se comparte el compromiso del Ayuntamiento con la cultura empresarial. \u201c<em>El Ayuntamiento de Madrid lleva diez a\u00f1os trabajando en esta direcci\u00f3n y es un orgullo contribuir para que los emprendedores puedan poner en marcha sus proyectos. Hasta ahora hemos hecho mucho, pero todav\u00eda tenemos campo para hacer much\u00edsimo mas\u201d<\/em><\/p>\n<p> <span style=\"line-height: 1.6em;\">El momento protagonista del acto ha sido el encuentro de los emprendedores el que han contado a los asistentes sus experiencias y c\u00f3mo les ha ayudado Madrid Emprende. Y es que, en palabras de <\/span><strong style=\"line-height: 1.6em;\">Pedro Gonz\u00e1lez Torroba<\/strong><span style=\"line-height: 1.6em;\">, Director General de Madrid Emprende, \u201c<\/span><em style=\"line-height: 1.6em;\">los emprendedores son nuestra raz\u00f3n de ser<\/em><span style=\"line-height: 1.6em;\">\u201d.<\/span><\/p>\n<p>\u00a0<br \/> La alcaldesa de Madrid, <strong>Ana Botella<\/strong>, ha entregado las distinciones \u201ce\u201d de emprendedor a las instituciones que han colaborado con Madrid Emprende en estos 10 a\u00f1os:\u00a0Abanlex, Accenture, Acn, Acotex, Adefam, Aemme, Af Steelcase, Aje, Ances, Asalma, Asecom, Aseme, Ata, AVPPM, Banco Sabadell, Barrab\u00e9s, BBVA, BID, Colegio\u00a0Oficial Gestores Administrativos, Colegio\u00a0Oficial Graduados Sociales, Colegio\u00a0Oficial Ingenieros de Telecomunicaciones, C\u00e1mara de Comercio, Ceim, Cepyme, Ciade UAM, Cink Emprende, Cise Yuzz, Citi, Cocem, Dimad, Everis, Facovu, Fecoma, Ferrovial, Fue, Fundaci\u00f3n Cr\u00e9ate, Fundaci\u00f3n Rafael del Pino, Fundaci\u00f3n Repsol, Fundaci\u00f3n Tomillo, Fundetec, Gestiona Radio, Google, HP, Hub Madrid, Iab, IBM, IESE, Iniciador, Invest in Madrid, Isdi, Junior Achievement, La Caixa, Madrid+D, Microsoft, Mutua Madrile\u00f1a, Nantik Lum, Revista Emprendedores, Secot, Spain Startup, Telefonica Open Future,\u00a0Unidad Editorial &#8211; Yo Dona, Unipyme, Universidad Complutense de Madrid, Universidad Rey Juan Carlos I, Unltd Spain, Upta, Utopicus y Womenalia.<\/p>\n<p> <span style=\"font-size: 12.8000001907349px; line-height: 20.7999992370605px;\">La\u00a0alcaldesa ha clausurado el acto y\u00a0<\/span>ha aprovechado para remarcar tres ideas clave:<\/p>\n<p> \u00a0  <\/p>\n<div style=\"margin-left: 40px;\"><em>Emprendimiento como fen\u00f3meno a promover activamente desde las instituciones<\/em><br \/> El emprendimiento es un fen\u00f3meno al que se puede ayudar y que se puede promover activamente desde las instituciones y por eso es por lo que siempre ha apostado el Ayuntamiento de Madrid. Es importante crear ecosistemas, en los que adem\u00e1s de emprendedores colaboren entidades p\u00fablicas y privadas.<br \/> \u00a0<br \/> <em>Creciente protagonismo de las ciudades en nuestra econom\u00eda<\/em><br \/> La creatividad y el conocimiento encuentran su h\u00e1bitat natural en los entornos urbanos, y el emprendimiento es un fen\u00f3meno urbano.<br \/> \u00a0<br \/> <em>Emprendimiento como fen\u00f3meno social<\/em><br \/> El emprendimiento es un fen\u00f3meno social, un movimiento. Madrid concentra m\u00e1s de la mitad de la inversi\u00f3n extranjera, pero tambi\u00e9n es ciudad de emprendedores y Pymes.<\/div>\n<p> \u00a0<br \/> En palabras de Ana Botella, \u201cEn el Ayuntamiento de Madrid siempre hemos pensado que apoyar a un emprendedor no es un gasto sino una inversi\u00f3n\u201d. Y ahora s\u00f3lo queda seguir trabajando.<br \/> \u00a0<br \/> \u00a0 <\/p>\n<div style=\"margin: 0cm 0cm 0.0001pt;\">\n<p style=\"margin:0cm;margin-bottom:.0001pt\"><span style=\"font-size:10.0pt; font-family:Arial\">Accede aqu\u00ed a:<\/span><\/p>\n<p style=\"margin: 0cm 0cm 0.0001pt 120px;\"><span style=\"font-size:10.0pt; font-family:Arial\"><a href=\"https:\/\/www.facebook.com\/media\/set\/?set=a.10153042608917165.1073741827.151754117164&#038;type=3\" target=\"_blank\" rel=\"noopener\">Galer\u00eda de fotos<\/a><br \/> <a href=\"http:\/\/youtu.be\/N3he0ZirGYw\" target=\"_blank\" rel=\"noopener\">Video corporativo del 10\u00ba\u00a0aniversario<\/a><br \/> <a href=\"http:\/\/youtu.be\/z0iziN2mzKs\" target=\"_blank\" rel=\"noopener\">Video del evento 9 de febrero<\/a><br \/> <a href=\"http:\/\/www.telemadrid.es\/noticias\/madrid\/noticia\/238129-ciudadanos-han-pasado-por-madrid-emprende-desde-2005\" target=\"_blank\" rel=\"noopener\">Video noticia de Telemadrid<\/a><br \/> <a href=\"http:\/\/www.rtve.es\/alacarta\/videos\/informativo-de-madrid\/territorialmadridcompleto090215\/2989138\/\" target=\"_blank\" rel=\"noopener\">Video Noticia de RTVE\u00a0(minuto 11)<\/a><br \/> <a href=\"http:\/\/www.madrid.es\/portales\/munimadrid\/es\/Inicio\/Ayuntamiento\/Medios-de-Comunicacion\/Notas-de-prensa\/Diez-anos-apoyando-a-los-emprendedores?vgnextfmt=default&#038;vgnextoid=0229256cf0e6b410VgnVCM1000000b205a0aRCRD&#038;vgnextchannel=6091317d3d2a7010VgnVCM100000dc0ca8c0RCRD\" target=\"_blank\" rel=\"noopener\">Noticia en www.madrid.es<\/a><\/span><br \/> \u00a0<\/p>\n<p style=\"margin-top: 0cm; margin-right: 0cm; margin-bottom: 0.0001pt;\"><span style=\"font-size:10.0pt; font-family:Arial\"><o:p><\/o:p><\/span><\/p>\n<p style=\"margin:0cm;margin-bottom:.0001pt\"><span style=\"font-size:10.0pt; font-family:Arial\"><span style=\"color:#555555\"><o:p><\/o:p><\/span><\/span><\/p>\n<\/p><\/div>\n<p> \u00a0 \u00a0 \u00a0 \u00a0 \u00a0 \u00a0 \u00a0\u00a0<iframe allowfullscreen=\"\" frameborder=\"0\" height=\"315\" src=\"https:\/\/www.youtube.com\/embed\/z0iziN2mzKs?rel=0\" width=\"560\"><\/iframe><\/p>\n","protected":false},"excerpt":{"rendered":"<p>Se cumplen diez a\u00f1os desde que el Ayuntamiento de Madrid apostara por la&#8230;<\/p>\n","protected":false},"featured_media":6897,"template":"","meta":{"_acf_changed":false},"categories":[],"noticias":[],"class_list":["post-6896","noticias","type-noticias","status-publish","has-post-thumbnail","hentry"],"acf":[],"_links":{"self":[{"href":"https:\/\/test.madridemprende.anovagroup.es\/en\/wp-json\/wp\/v2\/noticias\/6896"}],"collection":[{"href":"https:\/\/test.madridemprende.anovagroup.es\/en\/wp-json\/wp\/v2\/noticias"}],"about":[{"href":"https:\/\/test.madridemprende.anovagroup.es\/en\/wp-json\/wp\/v2\/types\/noticias"}],"version-history":[{"count":0,"href":"https:\/\/test.madridemprende.anovagroup.es\/en\/wp-json\/wp\/v2\/noticias\/6896\/revisions"}],"wp:featuredmedia":[{"embeddable":true,"href":"https:\/\/test.madridemprende.anovagroup.es\/en\/wp-json\/wp\/v2\/media\/6897"}],"wp:attachment":[{"href":"https:\/\/test.madridemprende.anovagroup.es\/en\/wp-json\/wp\/v2\/media?parent=6896"}],"wp:term":[{"taxonomy":"category","embeddable":true,"href":"https:\/\/test.madridemprende.anovagroup.es\/en\/wp-json\/wp\/v2\/categories?post=6896"},{"taxonomy":"noticias","embeddable":true,"href":"https:\/\/test.madridemprende.anovagroup.es\/en\/wp-json\/wp\/v2\/noticias?post=6896"}],"curies":[{"name":"wp","href":"https:\/\/api.w.org\/{rel}","templated":true}]}}