{"id":6920,"date":"2015-03-18T00:00:00","date_gmt":"2015-03-18T00:00:00","guid":{"rendered":"https:\/\/pre.madridemprende.anovagroup.es\/noticias\/salesas-village-un-ejemplo-mas-de-dinamizacion-comercial\/"},"modified":"2022-06-08T11:35:02","modified_gmt":"2022-06-08T09:35:02","slug":"salesas-village-un-ejemplo-mas-de-dinamizacion-comercial","status":"publish","type":"noticias","link":"https:\/\/test.madridemprende.anovagroup.es\/en\/noticias\/salesas-village-un-ejemplo-mas-de-dinamizacion-comercial\/","title":{"rendered":"Salesas Village,  un ejemplo mas de dinamizaci\u00f3n comercial"},"content":{"rendered":"<p>El Ayuntamiento de Madrid, a trav\u00e9s de Madrid Emprende, en colaboraci\u00f3n con Acotex, presentan \u201cSalesas Village [The Festival]\u201d un evento cuyo objetivo es dinamizar y promocionar el comercio y la hosteler\u00eda del Barrio de Salesas y que se celebrar\u00e1 los <strong>d\u00edas 27 y 28 de marzo<\/strong> en el Barrio de Salesas.<\/p>\n<p> La Plaza de las Salesas ser\u00e1 el centro neur\u00e1lgico del evento; en ella se instalar\u00e1n peque\u00f1as casetas en las que estar\u00e1n representados varios comercios de la zona. Junto a ellos, otras casetas estar\u00e1n destinadas a la realizaci\u00f3n de diversos talleres de fotograf\u00eda, manualidades, reposter\u00eda y otras actividades para toda la familia.<br \/> Adem\u00e1s se han adherido a la campa\u00f1a m\u00e1s de 60 comercios del barrio que, con diferentes descuentos, ofertas especiales, obsequios y actividades culturales, promueven este evento familiar en un ambiente distendido y para todos los p\u00fablicos.<\/p>\n<p> Todas las actividades que se realizar\u00e1n en la plaza de las Salesas, as\u00ed como las rutas de los comercios y oferta gastron\u00f3mica de la zona se ver\u00e1n reflejadas en Salesas Newspaper, una publicaci\u00f3n que se distribuir\u00e1 de forma gratuita exclusivamente en los comercios de la zona y servir\u00e1 de gu\u00eda a todos los viandantes sobre las actividades que se realizar\u00e1n en cada comercio.<\/p>\n<p> Este evento forma parte de un proyecto m\u00e1s ambicioso cuyo objetivo es unir a todo el comercio de la zona, proponiendo acciones de animaci\u00f3n y dinamizaci\u00f3n comercial en una de los barrios referentes en comercio y oferta gastron\u00f3mica de Madrid.<br \/> \u00a0<br \/> Con este nuevo proyecto el Ayuntamiento de Madrid reafirma su inter\u00e9s por dinamizar la actividad econ\u00f3mica de la ciudad a trav\u00e9s del apoyo al sector comercial y hostelero, en el convencimiento de que constituyen el eje fundamental de vertebraci\u00f3n de la vida cotidiana de la ciudad y uno de sus principales atractivos tur\u00edsticos y que est\u00e1n afrontando un profundo proceso de reconversi\u00f3n, gracias al cual logran mantener su incuestionable protagonismo en el desarrollo econ\u00f3mico y social de la ciudad y de la vida diaria de sus ciudadanos.<\/p>\n<p> Para descargar el v\u00eddeo de la<strong> rueda de prensa de Salesas Village [The Festival]<\/strong> dejamos a continuaci\u00f3n los enlaces:\u00a0Alta calidad:\u00a0<a href=\"http:\/\/projectroom.us10.list-manage2.com\/track\/click?u=1b1e94ff67f30b50d4399ea40&#038;id=1767bcbfed&#038;e=71e48d9c31\" target=\"_blank\" title=\"http:\/\/projectroom.us10.list-manage2.com\/track\/click?u=1b1e94ff67f30b50d4399ea40&#038;id=1767bcbfed&#038;e=71e48d9c31\" rel=\"noopener\">http:\/\/we.tl\/ZDzHqguuKw<\/a>\u00a0\u00a0Baja\u00a0calidad\u00a0<a href=\"http:\/\/projectroom.us10.list-manage.com\/track\/click?u=1b1e94ff67f30b50d4399ea40&#038;id=ea784ac1c5&#038;e=71e48d9c31\" target=\"_blank\" title=\"http:\/\/projectroom.us10.list-manage.com\/track\/click?u=1b1e94ff67f30b50d4399ea40&#038;id=ea784ac1c5&#038;e=71e48d9c31\" rel=\"noopener\">http:\/\/we.tl\/uUyL27FTnD<\/a><\/p>\n<p> Para descargar la entrevista a <strong>Concepci\u00f3n D\u00edaz de Villegas<\/strong>, Subdirectora General de Comercio y Mercados del Ayuntamiento de Madrid\u00a0dejamos a continuaci\u00f3n los enlaces:\u00a0Alta calidad:<a href=\"http:\/\/projectroom.us10.list-manage1.com\/track\/click?u=1b1e94ff67f30b50d4399ea40&#038;id=01558626dc&#038;e=71e48d9c31\" target=\"_blank\" title=\"http:\/\/projectroom.us10.list-manage1.com\/track\/click?u=1b1e94ff67f30b50d4399ea40&#038;id=01558626dc&#038;e=71e48d9c31\" rel=\"noopener\">http:\/\/we.tl\/Wi8RbGkYDq<\/a>\u00a0\u00a0Baja calidad:\u00a0<a href=\"http:\/\/projectroom.us10.list-manage.com\/track\/click?u=1b1e94ff67f30b50d4399ea40&#038;id=414428c72c&#038;e=71e48d9c31\" target=\"_blank\" title=\"http:\/\/projectroom.us10.list-manage.com\/track\/click?u=1b1e94ff67f30b50d4399ea40&#038;id=414428c72c&#038;e=71e48d9c31\" rel=\"noopener\">http:\/\/we.tl\/SOOJSmtjHA<\/a><br \/> \u00a0<br \/> Para descargar la entrevista de <strong>Eduardo Vega-Penichet<\/strong>, Director General de Acotex\u00a0dejamos a continuaci\u00f3n los enlaces:\u00a0Alta calidad:<a href=\"http:\/\/projectroom.us10.list-manage.com\/track\/click?u=1b1e94ff67f30b50d4399ea40&#038;id=9dbea3d74f&#038;e=71e48d9c31\" target=\"_blank\" title=\"http:\/\/projectroom.us10.list-manage.com\/track\/click?u=1b1e94ff67f30b50d4399ea40&#038;id=9dbea3d74f&#038;e=71e48d9c31\" rel=\"noopener\">http:\/\/we.tl\/31GtUdo8Bj<\/a>\u00a0\u00a0Baja calidad:\u00a0<a href=\"http:\/\/projectroom.us10.list-manage.com\/track\/click?u=1b1e94ff67f30b50d4399ea40&#038;id=165987a5ad&#038;e=71e48d9c31\" target=\"_blank\" title=\"http:\/\/projectroom.us10.list-manage.com\/track\/click?u=1b1e94ff67f30b50d4399ea40&#038;id=165987a5ad&#038;e=71e48d9c31\" rel=\"noopener\">http:\/\/we.tl\/OScHPlr492<\/a><\/p>\n<p> Para descargar la entrevista a <strong>Jaime Landeta<\/strong>, CEO y Co-Fundador de Apodemia:\u00a0Alta calidad:<a href=\"http:\/\/projectroom.us10.list-manage.com\/track\/click?u=1b1e94ff67f30b50d4399ea40&#038;id=d1c1307ddc&#038;e=71e48d9c31\" target=\"_blank\" title=\"http:\/\/projectroom.us10.list-manage.com\/track\/click?u=1b1e94ff67f30b50d4399ea40&#038;id=d1c1307ddc&#038;e=71e48d9c31\" rel=\"noopener\">http:\/\/we.tl\/kGb0w18ied<\/a>\u00a0\u00a0Baja calidad:\u00a0<a href=\"http:\/\/projectroom.us10.list-manage.com\/track\/click?u=1b1e94ff67f30b50d4399ea40&#038;id=035e4ea465&#038;e=71e48d9c31\" target=\"_blank\" title=\"http:\/\/projectroom.us10.list-manage.com\/track\/click?u=1b1e94ff67f30b50d4399ea40&#038;id=035e4ea465&#038;e=71e48d9c31\" rel=\"noopener\">http:\/\/we.tl\/Oa5J6tDehX<\/a><\/p>\n<p> \u00a0<br \/> <strong>CALENDARIO DE ACTIVIDADES PROGRAMADAS EN LA PLAZA DE SALESAS:<\/strong><br \/> \u00a0<br \/> <strong>VIERNES 27 DE MARZO*<\/strong><\/p>\n<p> 17:00- 18:00 horas: Taller de trufas por Magdalena de Proust.<br \/> 18:00-19:00 horas: Taller de cester\u00eda con papel de peri\u00f3dico por Ecoman\u00eda.<br \/> \u00a0<br \/> <strong>S\u00c1BADO 28 DE MARZO*<\/strong><\/p>\n<p> 11:30- 12:30 horas: Taller de reparaci\u00f3n de bicicletas por Slowroom.<br \/> 12:30- 14:00 horas: Taller \u00abRevela con tus manos\u00bb de Lomography Spain.<br \/> 14:00-15:00 horas: Taller de realizaci\u00f3n de flores con cart\u00f3n por Ecoman\u00eda.<br \/> 17:00- 18:00 horas: Taller de hacer pudding de ch\u00eda por Magdalena de Proust.<br \/> 18:00-19:00 horas: Taller de esculturas con libros por Ecoman\u00eda. <\/p>\n<h5>* La participaci\u00f3n en las actividades ser\u00e1 libre hasta completar aforo. El registro se realizar\u00e1 en la plaza de salesas desde media hora antes del comienzo de cada actividad.<\/h5>\n<p> <strong>ACTIVIDADES DESTACADAS EN TIENDAS:<\/strong><br \/> \u00a0<br \/> <strong>Slowroom<\/strong>\u00a0 \/ Plaza de Salesas 2<br \/> 27 y 28 de marzo de marzo de 11:00 a 20:00 horas.<br \/> Exposici\u00f3n \u201cNeumatik\u201d: Esculturas hechas con piezas de bicicletas.<br \/> \u00a0<br \/> <strong>Pippa\u00b4s<\/strong>\u00a0\/ Plaza de Salesas 8<br \/> 27 y 28 de marzo de 11:00 a 20:00 horas.<br \/> Regalo de globos y caramelos a los m\u00e1s peque\u00f1os.<br \/> \u00a0<br \/> <strong>Son\u00e1mbula<\/strong>\u00a0\/ Calle Barquillo 26<br \/> 27 y 28 de marzo<br \/> Exposici\u00f3n de fotograf\u00eda de Sonia M\u00e1rpez.<br \/> \u00a0<br \/> <strong>Apodemia<\/strong>\u00a0\/ Calle Almirante 18<br \/> 27 y 28 de marzo de 11:00 a 20:00 horas.<br \/> Invitaci\u00f3n a una Mahou para todos los clientes.<br \/> \u00a0<\/p>\n<p> <strong>PROMOCIONES Y OFERTAS EN TIENDAS:<\/strong><br \/> \u00a0<br \/> <strong>Sweetter<\/strong>\u00a0\/ Calle Almirante 17<br \/> 27 y 28 de marzo de 11:00 a 20:00 horas.<br \/> Sorteo de unas gafas de sol a todas las personas que acudan a conocer al tienda.<br \/> \u00a0<br \/> <strong>Luc\u00eda Ayuso<\/strong>\u00a0\/ Calle Almirante 14<br \/> 27 y 28 de marzo de 11:00 a 20:00 horas.<br \/> Descuentos del 10% durante el evento.<br \/> \u00a0<br \/> <strong>Pomme Sucre<\/strong>\u00a0\/ Calle Barquillo 49<br \/> 27 y 28 de marzo de 11:00 a 20:00 horas.<br \/> Oferta de desayuno: Caf\u00e9 o Infusi\u00f3n + Boller\u00eda 2,70\u20ac.<br \/> \u00a0<br \/> <strong>DR&#038;N<\/strong>\u00a0\/ Calle Barquillo 35<br \/> 27 y 28 de marzo de 11:00 a 20:00 horas.<br \/> Descuentos desde el 40% hasta el 60% en alguno de sus productos.<br \/> \u00a0<br \/> <strong>Coolook<\/strong>\u00a0\/ Calle Barquillo 34<br \/> 27 y 28 de marzo de 11:00 a 20:00 horas.<br \/> Sorteo de una pieza de bisuter\u00eda.<br \/> \u00a0<br \/> <strong>Bailey\u2019s<\/strong>\u00a0\/ Calle Barquillo 25<br \/> 27 y 28 de marzo de 11:00 a 20:00 horas.<br \/> Descuentos en art\u00edculos seleccionados.<br \/> \u00a0<br \/> <strong>N\u00ba3<\/strong>\u00a0\/ Calle Campoamor 5<br \/> 27 y 28 de marzo de 11:00 a 20:00 horas.<br \/> Obsequio a todos los clientes.<br \/> \u00a0<br \/> <strong>Maldita Vanidad<\/strong>\u00a0\/ Calle Campoamor 3<br \/> 27 y 28 de marzo de 11:00 a 20:00 horas.<br \/> Obsequio a todos los clientes.<br \/> \u00a0<br \/> <strong>Reserva y Cata<\/strong>\u00a0\/ Calle Conde de Xiquena 13<br \/> 27 y 28 de marzo de 11:00 a 20:00 horas.<br \/> Descuento del 5% en todos sus productos y degustaci\u00f3n gratuita de vinos.<br \/> \u00a0<br \/> <strong>Chic and Soul<\/strong>\u00a0\/ Calle Conde de Xiquena 10<br \/> 27 y 28 de marzo de 11:00 a 20:00 horas.<br \/> Descuento del 15% en su colecci\u00f3n de verano.<br \/> \u00a0<br \/> <strong>Pr\u00f3xima Parada<\/strong>\u00a0\/ Calle Conde de Xiquena 9<br \/> 27 y 28 de marzo de 11:00 a 20:00 horas.<br \/> En compras superiores a 200 \u20ac, regalo de un clutch a juego.<br \/> \u00a0<br \/> <strong>Muguet<\/strong>\u00a0\/ Calle Conde de Xiquena 2<br \/> 27 y 28 de marzo de 11:00 a 20:00 horas.<br \/> Descuento del 15% en art\u00edculos seleccionados.<\/p>\n<p> <strong>Croch\u00e9 Bar<\/strong>\/Calle Conde de Xiquena 2<br \/> 27 y 28 de marzo de 11:00 a 20:00 horas.<br \/> Copa de Oporto y tapa por 2,50Euros<br \/> \u00a0<br \/> <strong>Est\u00e9tica Natura<\/strong>\u00a0\/ Calle Argensola 21<br \/> 27 y 28 de marzo de 11:00 a 20:00 horas.<br \/> Descuento del 10% en los tratamientos contratados esos d\u00edas.<br \/> \u00a0<br \/> <strong>Eliel<\/strong>\u00a0\/ Calle Argensola 20<br \/> 27 y 28 de marzo de 11:00 a 20:00 horas.<br \/> Descuento del 10% en sus art\u00edculos.<br \/> \u00a0<br \/> <strong>Stussy<\/strong>\u00a0\/ Calle Argensola 10<br \/> 27 y 28 de marzo de 11:00 a 20:00 horas.<br \/> Entre el 40% y el 50% de descuento en algunas de sus prendas<br \/> \u00a0<br \/> <strong>Eleonora Amadei<\/strong>\u00a0\/ Calle Argensola 5<br \/> 27 y 28 de marzo de 11:00 a 20:00 horas.<br \/> Descuento del 20% en su nueva colecci\u00f3n de verano.<br \/> \u00a0<br \/> <strong>Lefrik<\/strong>\u00a0\/ Calle Argensola 5<br \/> 27 y 28 de marzo de 11:00 a 20:00 horas.<br \/> Descuentos en art\u00edculos seleccionados.<br \/> \u00a0<br \/> <strong>Divisa<\/strong>\u00a0\/ Calle Argensola 2 y Calle Hortaleza 102<br \/> 27 y 28 de marzo de 11:00 a 20:00 horas.<br \/> Descuento del 10% en su colecci\u00f3n \u00abDivisa\u00bb de zapatos y bisuter\u00eda.<br \/> \u00a0<br \/> <strong>Monoplaza<\/strong>\u00a0\/ Traves\u00eda de Bel\u00e9n 3<br \/> 27 y 28 de marzo de 11:00 a 20:00 horas.<br \/> Descuentos en art\u00edculos seleccionados.<br \/> \u00a0<br \/> <strong>Il Coc<\/strong>\u00a0\/ Calle Justiniano 10<br \/> 27 y 28 de marzo de 11:00 a 20:00 horas.<br \/> Descuentos en art\u00edculos seleccionados.<br \/> \u00a0<br \/> <strong>Sal\u00f3n Varsovia<\/strong>\u00a0\/ Calle Piamonte 19<br \/> 27 y 28 de marzo de 11:00 a 20:00 horas.<br \/> Desucento del 15 % en su colecci\u00f3n de primavera\/verano.<br \/> \u00a0<br \/> <strong>Ailanto<\/strong>\u00a0\/ Calle Orellana 14<br \/> 27 y 28 de marzo de 11:00 a 20:00 horas.<br \/> Descubre su zona Outlet con art\u00edculos al 70% y adem\u00e1s ll\u00e9vate un obsequio de regalo.<br \/> \u00a0<br \/> <strong>Vallmai<\/strong>\u00a0\/ Calle Fernando VI 8<br \/> 27 y 28 de marzo de 11:00 a 20:00 horas.<br \/> Regalo de una pulsera por compras superiores a 100\u20ac.<br \/> \u00a0<br \/> <strong>El anticuario de Bel\u00e9n<\/strong>\u00a0\/ Calle Bel\u00e9n 11<br \/> 27 y 28 de marzo de 11:00 a 20:00 horas.<br \/> Descuento del 10% en todo el mobiliario.<\/p>\n","protected":false},"excerpt":{"rendered":"<p>El Ayuntamiento de Madrid, a trav\u00e9s de Madrid Emprende, en colaboraci\u00f3n con&#8230;<\/p>\n","protected":false},"featured_media":6921,"template":"","meta":{"_acf_changed":false},"categories":[],"noticias":[],"class_list":["post-6920","noticias","type-noticias","status-publish","has-post-thumbnail","hentry"],"acf":[],"_links":{"self":[{"href":"https:\/\/test.madridemprende.anovagroup.es\/en\/wp-json\/wp\/v2\/noticias\/6920"}],"collection":[{"href":"https:\/\/test.madridemprende.anovagroup.es\/en\/wp-json\/wp\/v2\/noticias"}],"about":[{"href":"https:\/\/test.madridemprende.anovagroup.es\/en\/wp-json\/wp\/v2\/types\/noticias"}],"version-history":[{"count":0,"href":"https:\/\/test.madridemprende.anovagroup.es\/en\/wp-json\/wp\/v2\/noticias\/6920\/revisions"}],"wp:featuredmedia":[{"embeddable":true,"href":"https:\/\/test.madridemprende.anovagroup.es\/en\/wp-json\/wp\/v2\/media\/6921"}],"wp:attachment":[{"href":"https:\/\/test.madridemprende.anovagroup.es\/en\/wp-json\/wp\/v2\/media?parent=6920"}],"wp:term":[{"taxonomy":"category","embeddable":true,"href":"https:\/\/test.madridemprende.anovagroup.es\/en\/wp-json\/wp\/v2\/categories?post=6920"},{"taxonomy":"noticias","embeddable":true,"href":"https:\/\/test.madridemprende.anovagroup.es\/en\/wp-json\/wp\/v2\/noticias?post=6920"}],"curies":[{"name":"wp","href":"https:\/\/api.w.org\/{rel}","templated":true}]}}