{"id":6928,"date":"2015-03-25T00:00:00","date_gmt":"2015-03-25T00:00:00","guid":{"rendered":"https:\/\/pre.madridemprende.anovagroup.es\/noticias\/madrid-emprende-y-ametic-impulsan-el-emprendimiento-entre-los-universitarios\/"},"modified":"2022-06-08T11:35:01","modified_gmt":"2022-06-08T09:35:01","slug":"madrid-emprende-y-ametic-impulsan-el-emprendimiento-entre-los-universitarios","status":"publish","type":"noticias","link":"https:\/\/test.madridemprende.anovagroup.es\/en\/noticias\/madrid-emprende-y-ametic-impulsan-el-emprendimiento-entre-los-universitarios\/","title":{"rendered":"Madrid Emprende y AMETIC impulsan el emprendimiento entre los universitarios"},"content":{"rendered":"<p>M\u00e1s de 80 alumnos de la Escuela T\u00e9cnica Superior de Ingenier\u00eda y Sistemas de Telecomunicaci\u00f3n de la UPM han asistido el 25 de marzo en Madrid International Lab a una jornada para explicar las claves del emprendimiento digital, dentro del programa europeo WATIFY: Impulsando el emprendimiento digital<br \/> \u00a0<br \/> El evento, organizado por el Ayuntamiento de Madrid, a trav\u00e9s de Madrid Emprende, y AMETIC, la Asociaci\u00f3n de Empresas de Electr\u00f3nica, Tecnolog\u00edas de la Informaci\u00f3n, Telecomunicaciones y Contenidos Digitales, se enmarca dentro del programa europeo WATIFY: Fostering Digital Entrepreneurship, Impulsando el emprendimiento digital, del que ambas organizaciones son part\u00edcipes.<br \/> \u00a0<br \/> Madrid Emprende, AMETIC e ICF Spain explicaron sus puntos de vista y acciones para fomentar el esp\u00edritu emprendedor, y a continuaci\u00f3n se celebr\u00f3 una mesa redonda con emprendedores abierta a las preguntas de los estudiantes.<br \/> \u00a0<br \/> En esta mesa estuvieron presentes Elena Garc\u00eda, de <a href=\\\"http:\/\/www.marsibionics.com\/\\\">Marsi Bionics<\/a>, empresa de Arganda especializada en construir exoesqueletos para facilitar el movimiento de personas con discapacidades motoras, especialmente ni\u00f1os, Luc\u00eda Chapas, de <a href=\\\"http:\/\/www.accitymaps.com\/\\\">Accity Maps<\/a>, mapas con itinerarios urbanos accesibles,\u00a0 y Jorge S\u00e1nchez, de <a href=\\\"http:\/\/www.agenciabigbox.es\/\\\">Big Box<\/a>, agencia de marketing y comunicaci\u00f3n online.<br \/> \u00a0<br \/> Madrid Emprende y AMETIC han colaborado en diversas ocasiones para acercar el emprendimiento a los estudiantes universitarios, a trav\u00e9s de varias ediciones del Tour del Emprendimiento, jornadas en las que se visitan algunos de los Viveros de Empresas de Madrid Emprende y de actuaciones englobadas dentro de otros proyectos europeos como <a href=\\\"http:\/\/eskillsjobsspain.com\/\\\">eSkills for Jobs<\/a>.<br \/> \u00a0<br \/> Madrid Emprende facilita el comienzo de su actividad empresarial a los emprendedores a trav\u00e9s de su Red de Viveros de Empresas, donde ofrece espacios de incubaci\u00f3n de trabajo compartido, asesor\u00eda a la hora de elaborar el plan de empresa y seguimiento de los proyectos que utilizan este servicio.<br \/> \u00a0<br \/> Adem\u00e1s, en sus centros de emprendimiento desarrolla <a href=\\\"\/es\/emprendedores\/aceleracion-de-empresas\/programa-para-emprendedores\\\">programas de aceleraci\u00f3n de startups<\/a>, y realiza diariamente sesiones informativas gratuitas y abiertas dirigidas a Pymes, emprendedores, innovadores y grupos de inter\u00e9s. Para m\u00e1s informaci\u00f3n sobre actividades consulta la <a href=\\\"\/es\/agenda\\\">agenda de Madrid Emprende<\/a>.<\/p>\n","protected":false},"excerpt":{"rendered":"<p>M\u00e1s de 80 alumnos de la Escuela T\u00e9cnica Superior de Ingenier\u00eda y Sistemas&#8230;<\/p>\n","protected":false},"featured_media":6929,"template":"","meta":{"_acf_changed":false},"categories":[],"noticias":[],"class_list":["post-6928","noticias","type-noticias","status-publish","has-post-thumbnail","hentry"],"acf":[],"_links":{"self":[{"href":"https:\/\/test.madridemprende.anovagroup.es\/en\/wp-json\/wp\/v2\/noticias\/6928"}],"collection":[{"href":"https:\/\/test.madridemprende.anovagroup.es\/en\/wp-json\/wp\/v2\/noticias"}],"about":[{"href":"https:\/\/test.madridemprende.anovagroup.es\/en\/wp-json\/wp\/v2\/types\/noticias"}],"version-history":[{"count":0,"href":"https:\/\/test.madridemprende.anovagroup.es\/en\/wp-json\/wp\/v2\/noticias\/6928\/revisions"}],"wp:featuredmedia":[{"embeddable":true,"href":"https:\/\/test.madridemprende.anovagroup.es\/en\/wp-json\/wp\/v2\/media\/6929"}],"wp:attachment":[{"href":"https:\/\/test.madridemprende.anovagroup.es\/en\/wp-json\/wp\/v2\/media?parent=6928"}],"wp:term":[{"taxonomy":"category","embeddable":true,"href":"https:\/\/test.madridemprende.anovagroup.es\/en\/wp-json\/wp\/v2\/categories?post=6928"},{"taxonomy":"noticias","embeddable":true,"href":"https:\/\/test.madridemprende.anovagroup.es\/en\/wp-json\/wp\/v2\/noticias?post=6928"}],"curies":[{"name":"wp","href":"https:\/\/api.w.org\/{rel}","templated":true}]}}