{"id":6930,"date":"2015-03-26T00:00:00","date_gmt":"2015-03-26T00:00:00","guid":{"rendered":"https:\/\/pre.madridemprende.anovagroup.es\/noticias\/39-sesin-del-programa-mentor-34top-entrepreneurs34-con-david-castro\/"},"modified":"2022-06-08T11:35:01","modified_gmt":"2022-06-08T09:35:01","slug":"39-sesin-del-programa-mentor-34top-entrepreneurs34-con-david-castro","status":"publish","type":"noticias","link":"https:\/\/test.madridemprende.anovagroup.es\/en\/noticias\/39-sesin-del-programa-mentor-34top-entrepreneurs34-con-david-castro\/","title":{"rendered":"39 sesi\u00f3n del Programa Mentor \u00abTop Entrepreneurs\u00bb con David Castro"},"content":{"rendered":"<p>El pr\u00f3ximo mi\u00e9rcoles 8 de abril tendr\u00e1 lugar la trig\u00e9simo novena sesi\u00f3n del Programa Mentor \\\u00bbTop Entrepreneurs\\\u00bb. Se trata de una charla de un emprendedor de \u00e9xito relevante, con el objetivo de acercar la experiencia de los emprendedores de m\u00e1s \u00e9xito de nuestro pa\u00eds a emprendedores que est\u00e1n iniciando su proyecto empresarial. En esta ocasi\u00f3n contaremos con la presencia de <strong>David Castro<\/strong>, emprendedor de referencia en el sector de la cervecer\u00eda artesanal espa\u00f1ola. Inform\u00e1tico de profesi\u00f3n, desarroll\u00f3 un gran inter\u00e9s por recuperar la producci\u00f3n artesanal y empez\u00f3 probando con varios productos alimenticios. En 2010, decidi\u00f3 cambiar los ordenadores para dedicarse enteramente a una de sus pasiones, la cerveza. En ese momento, cre\u00f3 su propia empresa de cerveza tradicional artesanal \u201c La Cibeles\u201d. Ejerciendo de hombre-orquesta, empez\u00f3 completamente solo: mezclando cereales, controlando la fermentaci\u00f3n, embotellando y hasta dise\u00f1ando \u00e9l mismo los planos de su maquinaria. Actualmente, \u201cLa Cibeles\u201d ofrecen 16 variedades de cervezas, producen unas 2.000 botellas a la hora y tienen una consolidada y creciente demanda nacional. Tambi\u00e9n, est\u00e1n exportando a pa\u00edses como EEUU, Suecia, Finlandia, Jap\u00f3n, Nueva Zelanda, India o China.<br \/> \u00a0<br \/> Se celebrar\u00e1 el pr\u00f3ximo 8 de abril a las 16:30 horas en la <strong>Universidad Aut\u00f3noma de Madrid<\/strong> (Ciudad Universitaria de Cantoblanco) en <a href=\\\"http:\/\/maps.google.es\/maps?sll=40.5463521,-3.6891708&#038;sspn=0.0031306,0.0054932&#038;q=Fundaciones,+Universidad+Aut%C3%B3noma+de+Madrid,+28049+Madrid&#038;output=classic&#038;dg=ntvb\\\" target=\\\"_blank\\\">C\/ Einstein, 13 (pabell\u00f3n C), 28049 Madrid,<\/a> Carretera de Colmenar M-607 km. 15.\u00a0\u00a0\u00a0\u00a0\u00a0\u00a0\u00a0\u00a0<br \/> Autobuses interurbanos (con parada dentro del Campus) : 714, 827, 827A, 828 Cercan\u00edas: l\u00ednea C-4a, l\u00ednea C-4b<br \/> \u00a0<br \/> Esta es una iniciativa abierta a todos los emprendedores. La asistencia es gratuita y se recomienda a los emprendedores asistentes que acudan provistos de sus tarjetas ante la posibilidad de establecer contactos, incluido el ponente, por supuesto.<br \/> \u00a0<br \/> Si quieres asistir inscr\u00edbete cumplimentando el breve formulario \u00a0que encontrar\u00e1s en la <a href=\\\"\/es\/Noticias\/NewsModule\/displayNewsSeo\/-bd5e383c8d4a64d48a134621e122b229\/a1e68e17934928aa18a4ef4fdc33060d\/\\\">agenda de actividades<\/a><\/p>\n","protected":false},"excerpt":{"rendered":"<p>El pr\u00f3ximo mi\u00e9rcoles 8 de abril tendr\u00e1 lugar la trig\u00e9simo novena sesi\u00f3n del&#8230;<\/p>\n","protected":false},"featured_media":6931,"template":"","meta":{"_acf_changed":false},"categories":[],"noticias":[],"class_list":["post-6930","noticias","type-noticias","status-publish","has-post-thumbnail","hentry"],"acf":[],"_links":{"self":[{"href":"https:\/\/test.madridemprende.anovagroup.es\/en\/wp-json\/wp\/v2\/noticias\/6930"}],"collection":[{"href":"https:\/\/test.madridemprende.anovagroup.es\/en\/wp-json\/wp\/v2\/noticias"}],"about":[{"href":"https:\/\/test.madridemprende.anovagroup.es\/en\/wp-json\/wp\/v2\/types\/noticias"}],"version-history":[{"count":0,"href":"https:\/\/test.madridemprende.anovagroup.es\/en\/wp-json\/wp\/v2\/noticias\/6930\/revisions"}],"wp:featuredmedia":[{"embeddable":true,"href":"https:\/\/test.madridemprende.anovagroup.es\/en\/wp-json\/wp\/v2\/media\/6931"}],"wp:attachment":[{"href":"https:\/\/test.madridemprende.anovagroup.es\/en\/wp-json\/wp\/v2\/media?parent=6930"}],"wp:term":[{"taxonomy":"category","embeddable":true,"href":"https:\/\/test.madridemprende.anovagroup.es\/en\/wp-json\/wp\/v2\/categories?post=6930"},{"taxonomy":"noticias","embeddable":true,"href":"https:\/\/test.madridemprende.anovagroup.es\/en\/wp-json\/wp\/v2\/noticias?post=6930"}],"curies":[{"name":"wp","href":"https:\/\/api.w.org\/{rel}","templated":true}]}}