{"id":6942,"date":"2015-04-15T00:00:00","date_gmt":"2015-04-15T00:00:00","guid":{"rendered":"https:\/\/pre.madridemprende.anovagroup.es\/noticias\/madrid-emprende-galardonado-en-los-entreps-awards-2015\/"},"modified":"2022-06-08T11:35:00","modified_gmt":"2022-06-08T09:35:00","slug":"madrid-emprende-galardonado-en-los-entreps-awards-2015","status":"publish","type":"noticias","link":"https:\/\/test.madridemprende.anovagroup.es\/en\/noticias\/madrid-emprende-galardonado-en-los-entreps-awards-2015\/","title":{"rendered":"Madrid Emprende galardonado en los ENTREPS AWARDS 2015"},"content":{"rendered":"<p>El 15 de abril se ha celebrado la gala de entrega de los premios internacionales \u201cEntreps Awards 2015\u201d, como colof\u00f3n a dos jornadas de conferencias, entrevistas en streaming, encuentros bilaterales y oportunidades de empleo, as\u00ed como acciones de acercamiento de financiaci\u00f3n potencial a nivel mundial.<\/p>\n<p> <a href=\"http:\/\/www.entreps.org\/\" target=\"_blank\" rel=\"noopener\">Entreps<\/a>, el Consejo Internacional de Empresas y Emprendimiento con sede en Bruselas, cuyo objetivo es promover medidas a favor de empresarios y emprendedores a nivel internacional, galardona anualmente tanto a personas como a instituciones nacionales e internacionales en 30 categor\u00edas de diferentes \u00e1mbitos de apoyo al emprendimiento.<\/p>\n<p> Pedro Gonz\u00e1lez Torroba, Director General de Madrid Emprende, recogi\u00f3 de manos del Catedr\u00e1tico de Econom\u00eda de la Universidad Aut\u00f3noma de Madrid, Isidro de Pablo, el Premio <em>Entreps P\u00fablico<\/em>, concedido por su labor de apoyo y promoci\u00f3n del emprendimiento, por convertirse en referente nacional de Red de Viveros de Empresas, as\u00ed como por el soporte y asesoramiento prestado a todas las startups all\u00ed alojadas.<\/p>\n<p> Esto confirma la elecci\u00f3n que ha hecho Entreps de la ciudad de Madrid como sede mundial del emprendimiento 2015.<br \/> \u00a0<\/p>\n","protected":false},"excerpt":{"rendered":"<p>El 15 de abril se ha celebrado la gala de entrega de los premios&#8230;<\/p>\n","protected":false},"featured_media":6943,"template":"","meta":{"_acf_changed":false},"categories":[],"noticias":[],"class_list":["post-6942","noticias","type-noticias","status-publish","has-post-thumbnail","hentry"],"acf":[],"_links":{"self":[{"href":"https:\/\/test.madridemprende.anovagroup.es\/en\/wp-json\/wp\/v2\/noticias\/6942"}],"collection":[{"href":"https:\/\/test.madridemprende.anovagroup.es\/en\/wp-json\/wp\/v2\/noticias"}],"about":[{"href":"https:\/\/test.madridemprende.anovagroup.es\/en\/wp-json\/wp\/v2\/types\/noticias"}],"version-history":[{"count":0,"href":"https:\/\/test.madridemprende.anovagroup.es\/en\/wp-json\/wp\/v2\/noticias\/6942\/revisions"}],"wp:featuredmedia":[{"embeddable":true,"href":"https:\/\/test.madridemprende.anovagroup.es\/en\/wp-json\/wp\/v2\/media\/6943"}],"wp:attachment":[{"href":"https:\/\/test.madridemprende.anovagroup.es\/en\/wp-json\/wp\/v2\/media?parent=6942"}],"wp:term":[{"taxonomy":"category","embeddable":true,"href":"https:\/\/test.madridemprende.anovagroup.es\/en\/wp-json\/wp\/v2\/categories?post=6942"},{"taxonomy":"noticias","embeddable":true,"href":"https:\/\/test.madridemprende.anovagroup.es\/en\/wp-json\/wp\/v2\/noticias?post=6942"}],"curies":[{"name":"wp","href":"https:\/\/api.w.org\/{rel}","templated":true}]}}