{"id":6944,"date":"2015-04-16T00:00:00","date_gmt":"2015-04-16T00:00:00","guid":{"rendered":"https:\/\/pre.madridemprende.anovagroup.es\/noticias\/madrid-emprende-en-la-entrega-de-los-xii-premios-cmara-de-comercio-de-per-en-espaa\/"},"modified":"2022-06-08T11:34:59","modified_gmt":"2022-06-08T09:34:59","slug":"madrid-emprende-en-la-entrega-de-los-xii-premios-cmara-de-comercio-de-per-en-espaa","status":"publish","type":"noticias","link":"https:\/\/test.madridemprende.anovagroup.es\/en\/noticias\/madrid-emprende-en-la-entrega-de-los-xii-premios-cmara-de-comercio-de-per-en-espaa\/","title":{"rendered":"Madrid Emprende en la entrega de los XII Premios C\u00e1mara de Comercio de Per\u00fa en Espa\u00f1a<BR>"},"content":{"rendered":"<p>Ayer tuvo lugar en el <a href=\\\"\/es\/emprendedores\/espacios-para-emprendedores\/viveros-de-empresas\/Viveros\/ficha\/1d2b603c5ca5d984996cb36e7138fd9d\/\\\">Vivero de Empresas de Vic\u00e1lvaro<\/a> la XII Edici\u00f3n de los Premios C\u00e1mara de Comercio de Per\u00fa en Espa\u00f1a (CCPE), un reconocimiento a la labor y el talento de empresas, emprendedores e instituciones de diferentes sectores que trabajan a diario por consolidarse ante la sociedad espa\u00f1ola.<\/p>\n<p> El acto de entrega de premios cont\u00f3 con la presencia de importantes autoridades del \u00e1mbito econ\u00f3mico, financiero y pol\u00edtico de Espa\u00f1a, como J<span style=\\\"font-size: 13.3333330154419px; line-height: 20.8000011444092px;\\\">uan Rosell,\u00a0<\/span>Presidente de la Confederaci\u00f3n Espa\u00f1ola de Organizaciones Empresariales (CEOE);\u00a0<span style=\\\"font-size: 12.7272720336914px; line-height: 20.8000011444092px;\\\">Arturo Chipoco C\u00e1ceda,\u00a0<\/span>C\u00f3nsul General del Per\u00fa en Madrid;\u00a0<span style=\\\"font-size: 13.3333330154419px; line-height: 20.8000011444092px;\\\">Aurelio Fern\u00e1ndez \u2013 Fern\u00e1ndez,\u00a0<\/span>Presidente de la CCPE \u00a0y\u00a0<span style=\\\"font-size: 13.3333330154419px; line-height: 20.8000011444092px;\\\">Pedro Gonz\u00e1lez Torroba, D<\/span>irector General de Madrid Emprende, quien entreg\u00f3 el premio a la \u201cMejor Iniciativa Emprendedora\u201d.<\/p>\n","protected":false},"excerpt":{"rendered":"<p>Ayer tuvo lugar en el Vivero de Empresas de Vic\u00e1lvaro la XII Edici\u00f3n de los&#8230;<\/p>\n","protected":false},"featured_media":6945,"template":"","meta":{"_acf_changed":false},"categories":[],"noticias":[],"class_list":["post-6944","noticias","type-noticias","status-publish","has-post-thumbnail","hentry"],"acf":[],"_links":{"self":[{"href":"https:\/\/test.madridemprende.anovagroup.es\/en\/wp-json\/wp\/v2\/noticias\/6944"}],"collection":[{"href":"https:\/\/test.madridemprende.anovagroup.es\/en\/wp-json\/wp\/v2\/noticias"}],"about":[{"href":"https:\/\/test.madridemprende.anovagroup.es\/en\/wp-json\/wp\/v2\/types\/noticias"}],"version-history":[{"count":0,"href":"https:\/\/test.madridemprende.anovagroup.es\/en\/wp-json\/wp\/v2\/noticias\/6944\/revisions"}],"wp:featuredmedia":[{"embeddable":true,"href":"https:\/\/test.madridemprende.anovagroup.es\/en\/wp-json\/wp\/v2\/media\/6945"}],"wp:attachment":[{"href":"https:\/\/test.madridemprende.anovagroup.es\/en\/wp-json\/wp\/v2\/media?parent=6944"}],"wp:term":[{"taxonomy":"category","embeddable":true,"href":"https:\/\/test.madridemprende.anovagroup.es\/en\/wp-json\/wp\/v2\/categories?post=6944"},{"taxonomy":"noticias","embeddable":true,"href":"https:\/\/test.madridemprende.anovagroup.es\/en\/wp-json\/wp\/v2\/noticias?post=6944"}],"curies":[{"name":"wp","href":"https:\/\/api.w.org\/{rel}","templated":true}]}}