{"id":6954,"date":"2015-04-23T00:00:00","date_gmt":"2015-04-23T00:00:00","guid":{"rendered":"https:\/\/pre.madridemprende.anovagroup.es\/noticias\/madrid-emprende-presente-un-ano-mas-en-expofranquicia\/"},"modified":"2022-06-08T11:34:59","modified_gmt":"2022-06-08T09:34:59","slug":"madrid-emprende-presente-un-ano-mas-en-expofranquicia","status":"publish","type":"noticias","link":"https:\/\/test.madridemprende.anovagroup.es\/en\/noticias\/madrid-emprende-presente-un-ano-mas-en-expofranquicia\/","title":{"rendered":"Madrid Emprende presente un a\u00f1o m\u00e1s en Expofranquicia"},"content":{"rendered":"<ul>\n<li>La oferta de Expofranquicia re\u00fane las propuestas de 482 ense\u00f1as en expansi\u00f3n activa<\/li>\n<li>Madrid Emprende cuenta con presencia en este encuentro para dar soporte informativo a los interesados en emprender una nueva aventura empresarial.<\/li>\n<\/ul>\n<p> \u00a0\u00a0<br \/> En esta XXI Edici\u00f3n, han tomado parte un total de 482 empresas, 20 de ellas de car\u00e1cter internacional, manteniendo las cifras del pasado a\u00f1o, y consolidando este encuentro mixto entre profesionales y p\u00fablico como referente en el mundo de la franquicia y el emprendimiento empresarial.<br \/> \u00a0<br \/> Las empresas presentes, representan un amplio abanico sectorial, que van desde la alimentaci\u00f3n, restauraci\u00f3n, servicios financieros a moda y complementos o servicios automovil\u00edsticos.<br \/> \u00a0<br \/> Esta variedad, no solo se refiere al \u00e1mbito de actividad, sino tambi\u00e9n a otros factores como el nivel de inversi\u00f3n o la estabilidad de su expansi\u00f3n. De esta manera se ofrece al p\u00fablico que se acerque hasta IFEMA informaci\u00f3n sobre oportunidades muy diferentes de negocio y emprendimiento.<br \/> \u00a0<br \/> Para <strong>Madrid Emprende<\/strong>, estar presente en esta feria se presenta como una oportunidad de ofrecer informaci\u00f3n a la afluencia de p\u00fablico que se concentra en Expofranquicia, ya que cada vez m\u00e1s, la franquicia se afianza como\u00a0modelo de negocio\u00a0en Espa\u00f1a y aumenta el n\u00famero de emprendedores\u00a0que se decantan por una\u00a0franquicia\u00a0para montar su propio negocio.<br \/> \u00a0<br \/> La celebraci\u00f3n del VII Foro Madrid Franquicia complementa la oferta de esta feria con informaci\u00f3n, asesoramiento y formaci\u00f3n para franquiciados, franquiciadores y emprendedores.<\/p>\n","protected":false},"excerpt":{"rendered":"<p> \tLa oferta de Expofranquicia re\u00fane las propuestas de 482 ense\u00f1as en&#8230;<\/p>\n","protected":false},"featured_media":6955,"template":"","meta":{"_acf_changed":false},"categories":[],"noticias":[],"class_list":["post-6954","noticias","type-noticias","status-publish","has-post-thumbnail","hentry"],"acf":[],"_links":{"self":[{"href":"https:\/\/test.madridemprende.anovagroup.es\/en\/wp-json\/wp\/v2\/noticias\/6954"}],"collection":[{"href":"https:\/\/test.madridemprende.anovagroup.es\/en\/wp-json\/wp\/v2\/noticias"}],"about":[{"href":"https:\/\/test.madridemprende.anovagroup.es\/en\/wp-json\/wp\/v2\/types\/noticias"}],"version-history":[{"count":0,"href":"https:\/\/test.madridemprende.anovagroup.es\/en\/wp-json\/wp\/v2\/noticias\/6954\/revisions"}],"wp:featuredmedia":[{"embeddable":true,"href":"https:\/\/test.madridemprende.anovagroup.es\/en\/wp-json\/wp\/v2\/media\/6955"}],"wp:attachment":[{"href":"https:\/\/test.madridemprende.anovagroup.es\/en\/wp-json\/wp\/v2\/media?parent=6954"}],"wp:term":[{"taxonomy":"category","embeddable":true,"href":"https:\/\/test.madridemprende.anovagroup.es\/en\/wp-json\/wp\/v2\/categories?post=6954"},{"taxonomy":"noticias","embeddable":true,"href":"https:\/\/test.madridemprende.anovagroup.es\/en\/wp-json\/wp\/v2\/noticias?post=6954"}],"curies":[{"name":"wp","href":"https:\/\/api.w.org\/{rel}","templated":true}]}}