{"id":6956,"date":"2015-04-27T00:00:00","date_gmt":"2015-04-26T22:00:00","guid":{"rendered":"https:\/\/pre.madridemprende.anovagroup.es\/noticias\/tilde-consultora44-ganadora-del-premio-a-la-responsabilidad-social-en-la-microempresa\/"},"modified":"2022-06-15T08:56:10","modified_gmt":"2022-06-15T06:56:10","slug":"tilde-consultora44-ganadora-del-premio-a-la-responsabilidad-social-en-la-microempresa","status":"publish","type":"noticias","link":"https:\/\/test.madridemprende.anovagroup.es\/en\/noticias\/tilde-consultora44-ganadora-del-premio-a-la-responsabilidad-social-en-la-microempresa\/","title":{"rendered":"Tilde Consultora, ganadora del Premio a la Responsabilidad Social en la Microempresa"},"content":{"rendered":"<p>Ayer tuvo lugar el acto de entrega del <strong>Premio a la Responsabilidad Social en la Microempresa<\/strong> organizado entre <strong>Madrid Emprende<\/strong> y la \u00a0<a href=\\\"http:\/\/www.tomillo.org\/v_portal\/apartados\/apartado.asp\\\" target=\\\"_blank\\\">Fundaci\u00f3n Tomillo<\/a>.<br \/> \u00a0<br \/> El Premio a la Responsabilidad Social en la Microempresa se convoc\u00f3 con el objeto de crear un espacio donde dar valor e importancia a las medidas destinadas a mejorar el plano social, econ\u00f3mico y medioambiental dentro de uno de los pilares del tejido empresarial actual, la peque\u00f1a y mediana empresa.<br \/> \u00a0<br \/> La presentaci\u00f3n del evento corri\u00f3 a cargo de<strong> M\u00aa Elena Francia Guevara<\/strong>, Directora del <a href=\\\"\/es\/emprendedores\/espacios-para-emprendedores\/viveros-de-empresas\/Viveros\/ficha\/629dbcf35eceda5bdc3635506297bbcf\/\\\">Vivero de Empresas de Villaverde<\/a> y estuvo acompa\u00f1ada con las palabras de <strong>Pedro Lantero Cervera<\/strong>, Vicepresidente de Fundaci\u00f3n Tomillo, quien asegur\u00f3 que \u201cquien cuida el medio ambiente, las relaciones laborales, la innovaci\u00f3n y la cooperaci\u00f3n, promueve la responsabilidad y sostenibilidad de nuestras empresas a largo plazo\u201d.<br \/> \u00a0<br \/> <strong>Alberto de Haro Ca\u00f1ones<\/strong>, Director Ejecutivo y Financiero de <a href=\\\"http:\/\/www.prematecnica.com\/\\\" target=\\\"_blank\\\">PREMATECNICA<\/a>, empresa de ingiener\u00eda industrial, expuso a los asistentes la conferencia \u201cCompromiso Social y Buenas Pr\u00e1cticas en la Peque\u00f1a y Mediana Empresa\u201d, con la que comparti\u00f3 su experiencia y anim\u00f3 a las empresas a compartir valores.<br \/> \u00a0<br \/> Los tres finalistas del programa fueron:<\/p>\n<ul>\n<li>Carlos Mateo, con su proyecto <a href=\\\"http:\/\/www.becash.es\/accounts\/login\/?next=\/\\\" target=\\\"_blank\\\">BeCash<\/a>, primer comparador de becas de estudio, que qued\u00f3 tercer finalista.<\/li>\n<li>Manuel Santude, segundo finalista con <a href=\\\"http:\/\/www.idaliaglobal.es\/\\\" target=\\\"_blank\\\">Idalia Global<\/a>, servicios de limpieza, cuyo objeto social es el de facilitar la integraci\u00f3n laboral de personas con discapacidad.<\/li>\n<li>Isabel L\u00f3pez, de <a href=\\\"http:\/\/www.tildeconsultora.es\/\\\" target=\\\"_blank\\\">Tilde Consultora<\/a>, y su proyecto de crecimiento en Internet con mujeres v\u00edctimas de violencia de g\u00e9nero, fue la <strong>ganadora <\/strong>del premio a la responsabilidad social de la empresa \u201cesto es un empuje para continuar adelante con todo\u201d.<\/li>\n<\/ul>\n<p>\u00a0<br \/> El evento fue clausurado por <strong>Pedro Gonz\u00e1lez Torroba<\/strong>, Director General de \u201cMadrid Emprende\u201d, quien recalc\u00f3 la importancia de los valores y el compromiso y promulg\u00f3 su deseo de que estos primeros premios se conviertan en una cita permanente y peri\u00f3dica. Unos premios \u201cpara lograr ser felices, que al final es de lo que se trata\u201d.<\/p>\n","protected":false},"excerpt":{"rendered":"<p>Ayer tuvo lugar el acto de entrega del Premio a la Responsabilidad Social&#8230;<\/p>\n","protected":false},"featured_media":6957,"template":"","meta":{"_acf_changed":false},"categories":[],"noticias":[],"class_list":["post-6956","noticias","type-noticias","status-publish","has-post-thumbnail","hentry"],"acf":[],"_links":{"self":[{"href":"https:\/\/test.madridemprende.anovagroup.es\/en\/wp-json\/wp\/v2\/noticias\/6956"}],"collection":[{"href":"https:\/\/test.madridemprende.anovagroup.es\/en\/wp-json\/wp\/v2\/noticias"}],"about":[{"href":"https:\/\/test.madridemprende.anovagroup.es\/en\/wp-json\/wp\/v2\/types\/noticias"}],"version-history":[{"count":0,"href":"https:\/\/test.madridemprende.anovagroup.es\/en\/wp-json\/wp\/v2\/noticias\/6956\/revisions"}],"wp:featuredmedia":[{"embeddable":true,"href":"https:\/\/test.madridemprende.anovagroup.es\/en\/wp-json\/wp\/v2\/media\/6957"}],"wp:attachment":[{"href":"https:\/\/test.madridemprende.anovagroup.es\/en\/wp-json\/wp\/v2\/media?parent=6956"}],"wp:term":[{"taxonomy":"category","embeddable":true,"href":"https:\/\/test.madridemprende.anovagroup.es\/en\/wp-json\/wp\/v2\/categories?post=6956"},{"taxonomy":"noticias","embeddable":true,"href":"https:\/\/test.madridemprende.anovagroup.es\/en\/wp-json\/wp\/v2\/noticias?post=6956"}],"curies":[{"name":"wp","href":"https:\/\/api.w.org\/{rel}","templated":true}]}}