{"id":6958,"date":"2015-04-30T00:00:00","date_gmt":"2015-04-29T22:00:00","guid":{"rendered":"https:\/\/pre.madridemprende.anovagroup.es\/noticias\/madrid-emprende-presente-de-nuevo-en-evento-enterate-para-orientar-a-futuros-emprendedoreslessbrgreaterlessbrgreater\/"},"modified":"2022-06-15T08:52:58","modified_gmt":"2022-06-15T06:52:58","slug":"madrid-emprende-presente-de-nuevo-en-evento-enterate-para-orientar-a-futuros-emprendedoreslessbrgreaterlessbrgreater","status":"publish","type":"noticias","link":"https:\/\/test.madridemprende.anovagroup.es\/en\/noticias\/madrid-emprende-presente-de-nuevo-en-evento-enterate-para-orientar-a-futuros-emprendedoreslessbrgreaterlessbrgreater\/","title":{"rendered":"Madrid Emprende presente de nuevo en Evento ENT\u00c9RATE para orientar a futuros emprendedores"},"content":{"rendered":"<p>\u00a0<br \/> Evento Ent\u00e9rate, el encuentro entre j\u00f3venes profesionales y entidades de formaci\u00f3n, orientaci\u00f3n y emprendimiento, ha tenido lugar en el Hotel Miguel \u00c1ngel de Madrid.<br \/> \u00a0<br \/> Durante la jornada, los asistentes han tenido la oportunidad de recibir orientaci\u00f3n de grandes profesionales divididos en cuatro grandes \u00e1reas: \u00e1rea de formaci\u00f3n, \u00e1rea emprende, \u00e1rea participa y \u00e1rea empleo.<br \/> \u00a0<br \/> Ent\u00e9rate ha querido cubrir la orientaci\u00f3n y asesoramiento de todos los perfiles profesionales durante la propia Jornada, ya sea Econom\u00eda y Empresa, Ingenier\u00edas, Comunicaci\u00f3n, Ciencias, Humanidades, Salud, Educaci\u00f3n o Ciencias Jur\u00eddicas.<br \/> \u00a0<br \/> \u00a0<br \/> Madrid Emprende ha estado presente mediante un stand en el que sus asesores han ofrecido durante toda la jornada orientaci\u00f3n sobre los programas, proyectos y ayudas al emprendimiento que se ofrecen desde el Ayuntamiento de Madrid, para potenciar y ayudar a los j\u00f3venes profesionales que quieran comenzar su aventura como emprendedores.<br \/> \u00a0<br \/> \u00a0<br \/> Adem\u00e1s, los interesados han podido disfrutar de talleres y ponencias, en los que referentes del sector compartieron su experiencia y visi\u00f3n sobre el \u00e1mbito tecnol\u00f3gico, empleo, formaci\u00f3n y emprendimiento. Todo ello complementado con un entorno de networking.<br \/> \u00a0<br \/> \u00a0<br \/> Tambi\u00e9n se celebr\u00f3 la Batalla de Emprendedores, d\u00f3nde los futuros profesionales han tenido que demostrar su val\u00eda resolviendo un problema de mcommerce, planteado por D\u2019Original.<br \/> \u00a0<br \/> \u00a0<\/p>\n","protected":false},"excerpt":{"rendered":"<p>\u00a0 Evento Ent\u00e9rate, el encuentro entre j\u00f3venes profesionales y entidades de&#8230;<\/p>\n","protected":false},"featured_media":6959,"template":"","meta":{"_acf_changed":false},"categories":[],"noticias":[],"class_list":["post-6958","noticias","type-noticias","status-publish","has-post-thumbnail","hentry"],"acf":[],"_links":{"self":[{"href":"https:\/\/test.madridemprende.anovagroup.es\/en\/wp-json\/wp\/v2\/noticias\/6958"}],"collection":[{"href":"https:\/\/test.madridemprende.anovagroup.es\/en\/wp-json\/wp\/v2\/noticias"}],"about":[{"href":"https:\/\/test.madridemprende.anovagroup.es\/en\/wp-json\/wp\/v2\/types\/noticias"}],"version-history":[{"count":0,"href":"https:\/\/test.madridemprende.anovagroup.es\/en\/wp-json\/wp\/v2\/noticias\/6958\/revisions"}],"wp:featuredmedia":[{"embeddable":true,"href":"https:\/\/test.madridemprende.anovagroup.es\/en\/wp-json\/wp\/v2\/media\/6959"}],"wp:attachment":[{"href":"https:\/\/test.madridemprende.anovagroup.es\/en\/wp-json\/wp\/v2\/media?parent=6958"}],"wp:term":[{"taxonomy":"category","embeddable":true,"href":"https:\/\/test.madridemprende.anovagroup.es\/en\/wp-json\/wp\/v2\/categories?post=6958"},{"taxonomy":"noticias","embeddable":true,"href":"https:\/\/test.madridemprende.anovagroup.es\/en\/wp-json\/wp\/v2\/noticias?post=6958"}],"curies":[{"name":"wp","href":"https:\/\/api.w.org\/{rel}","templated":true}]}}