{"id":6964,"date":"2015-05-13T00:00:00","date_gmt":"2015-05-13T00:00:00","guid":{"rendered":"https:\/\/pre.madridemprende.anovagroup.es\/noticias\/top-entrepreneur-con-adn-muoz44-co-fundador-de-bq\/"},"modified":"2022-06-08T11:34:57","modified_gmt":"2022-06-08T09:34:57","slug":"top-entrepreneur-con-adn-muoz44-co-fundador-de-bq","status":"publish","type":"noticias","link":"https:\/\/test.madridemprende.anovagroup.es\/en\/noticias\/top-entrepreneur-con-adn-muoz44-co-fundador-de-bq\/","title":{"rendered":"Top Entrepreneur con Ad\u00e1n Mu\u00f1oz, co-fundador de bq"},"content":{"rendered":"<p>Esta ma\u00f1ana ha tenido lugar la cuadrag\u00e9sima sesi\u00f3n del <a href=\\\"\/es\/emprendedores\/in-formacion-y-networking\/top-enterpreneur\\\">Programa Mentor \\\u00bbTop Entrepreneurs\\\u00bb<\/a> en el <a href=\\\"\/es\/emprendedores\/espacios-para-emprendedores\/viveros-de-empresas\/Viveros\/ficha\/4728d57df9ddd693aebc6893018681e3\/\\\">Vivero de Empresas de Carabanchel<\/a>. En esta ocasi\u00f3n hemos contado con la presencia de <a href=\\\"https:\/\/twitter.com\/a_munoz_recuero\\\">Ad\u00e1n Mu\u00f1oz<\/a>, co-fundador de bq y emprendedor de referencia en el sector internacional de la telefon\u00eda m\u00f3vil, dispositivos electr\u00f3nicos y rob\u00f3tica.<\/p>\n<p> Amante de la tecnolog\u00eda, el teatro y sobre todo los viajes, este teleco de 31 a\u00f1os ha revolucionado junto a sus 5 socios el panorama del emprendimiento espa\u00f1ol.\u00a0 Ad\u00e1n afirma no tener miedo al fracaso. Su filosof\u00eda la resume en una cita de Samuel Beck \u201cDa igual. Prueba otra vez. Fracasa otra vez. Fracasa mejor\u201d.<\/p>\n<p> Los or\u00edgenes de bq se remontan al a\u00f1o 2003, cuando un grupo de telecos se reun\u00edan en la Escuela Superior de Ingenieros de Telecomunicaciones de Madrid para poner en com\u00fan sus ideas y proyectos. Es all\u00ed donde comienza su aventura empresarial vendiendo junto a sus socios en el a\u00f1o 2005 memorias USB que compraban en Alemania y dando en 2006 el salto a China. Tras esto, se acercan al mundo de los e-readers y finalmente en 2010 nace bq con las primerasts. En 2011 triplican su facturaci\u00f3n y el 2013 lanzan al mercado el primer smartphone. Su \u00faltimo paso, y con el que afirma estar muy ilusionado, es la fabricaci\u00f3n de impresoras 3D en Navarra. Actualmente, bq factura m\u00e1s de 200 millones de \u20ac anuales, da empleo a m\u00e1s de 1.000 trabajadores y se encuentra en plena expansi\u00f3n internacional.<\/p>\n<p> Cuando los asistentes al encuentro han preguntado a \u00c1dan sobre las claves de su \u00e9xito, el co-fundador de bq responde que cree en el trabajo duro, pero tambi\u00e9n en la suerte. Afirma que \u00e9l y sus socios nunca han abordado proyectos que no pudieran afrontar y que han crecido poco a poco reinvirtiendo siempre los ingresos que han generado en la propia empresa. Destaca tambi\u00e9n que la ilusi\u00f3n con la que hacen su trabajo ha sido, y es, la mejor baza para atraer el talento.<\/p>\n<p> Respecto al posicionamiento y la estrategia de venta, \u00c1dan ha explicado a los asistentes que han sabido ofrecer m\u00f3viles asequibles que responden a las necesidades reales de la gente. Y esto lo han hecho en un pa\u00eds que est\u00e1 a la cabeza de la renovaci\u00f3n de m\u00f3viles en Europa (cada 18 meses). Adem\u00e1s, apuestan por cuidar mucho al canal y a sus clientes ya que para ellos son sus mejores embajadores. Y este a\u00f1o han dado el salto a la televisi\u00f3n con su primer spot en el que rompen falsos mitos sobre la tecnolog\u00eda espa\u00f1ola.<\/p>\n<p> Al finalizar el encuentro, \u00c1dan ha charlado con los asistentes y ha respondido a sus preguntas. Y como es habitual en todos los Top Entrepreneur ha dejado una frase escrita en el cristal del vivero \u201cSi se puede hacer mejor, hazlo mejor\u201d. Un claro ejemplo de la ilusi\u00f3n y las ganas de seguir avanzando que hoy nos ha transmitido.<\/p>\n<p> Puedes encontrar m\u00e1s fotos pinchando aqu\u00ed: <strong><a href=\\\"https:\/\/www.facebook.com\/media\/set\/?set=a.10153257073427165.1073741831.151754117164&#038;type=3\\\" target=\\\"_blank\\\">Top Entrepreneur Ad\u00e1n Mu\u00f1oz, bq<\/a><\/strong><\/p>\n<p> <span style=\\\"line-height: 20.8000011444092px;\\\">Conoce un poco m\u00e1s a este emprendedor y su proyecto en esta <a href=\\\"https:\/\/youtu.be\/8StO0DwL0d0\\\" target=\\\"_blank\\\">video-entrevista<\/a><\/span><br \/> \u00a0<center><iframe src=\\\"https:\/\/www.youtube.com\/embed\/8StO0DwL0d0\\\" width=\\\"640\\\" height=\\\"360\\\" frameborder=\\\"0\\\" allowfullscreen=\\\"\\\"><\/iframe><\/center><\/p>\n","protected":false},"excerpt":{"rendered":"<p>Esta ma\u00f1ana ha tenido lugar la cuadrag\u00e9sima sesi\u00f3n del Programa Mentor&#8230;<\/p>\n","protected":false},"featured_media":6965,"template":"","meta":{"_acf_changed":false},"categories":[],"noticias":[],"class_list":["post-6964","noticias","type-noticias","status-publish","has-post-thumbnail","hentry"],"acf":[],"_links":{"self":[{"href":"https:\/\/test.madridemprende.anovagroup.es\/en\/wp-json\/wp\/v2\/noticias\/6964"}],"collection":[{"href":"https:\/\/test.madridemprende.anovagroup.es\/en\/wp-json\/wp\/v2\/noticias"}],"about":[{"href":"https:\/\/test.madridemprende.anovagroup.es\/en\/wp-json\/wp\/v2\/types\/noticias"}],"version-history":[{"count":0,"href":"https:\/\/test.madridemprende.anovagroup.es\/en\/wp-json\/wp\/v2\/noticias\/6964\/revisions"}],"wp:featuredmedia":[{"embeddable":true,"href":"https:\/\/test.madridemprende.anovagroup.es\/en\/wp-json\/wp\/v2\/media\/6965"}],"wp:attachment":[{"href":"https:\/\/test.madridemprende.anovagroup.es\/en\/wp-json\/wp\/v2\/media?parent=6964"}],"wp:term":[{"taxonomy":"category","embeddable":true,"href":"https:\/\/test.madridemprende.anovagroup.es\/en\/wp-json\/wp\/v2\/categories?post=6964"},{"taxonomy":"noticias","embeddable":true,"href":"https:\/\/test.madridemprende.anovagroup.es\/en\/wp-json\/wp\/v2\/noticias?post=6964"}],"curies":[{"name":"wp","href":"https:\/\/api.w.org\/{rel}","templated":true}]}}