{"id":6966,"date":"2015-05-08T00:00:00","date_gmt":"2015-05-08T00:00:00","guid":{"rendered":"https:\/\/pre.madridemprende.anovagroup.es\/noticias\/madrid-emprende-en-el-festival-in-lisboa-2015\/"},"modified":"2022-06-08T11:34:57","modified_gmt":"2022-06-08T09:34:57","slug":"madrid-emprende-en-el-festival-in-lisboa-2015","status":"publish","type":"noticias","link":"https:\/\/test.madridemprende.anovagroup.es\/en\/noticias\/madrid-emprende-en-el-festival-in-lisboa-2015\/","title":{"rendered":"Madrid Emprende en el FESTIVAL IN LISBOA 2015"},"content":{"rendered":"<p>El Ayuntamiento de Madrid, a trav\u00e9s de Madrid Emprende particip\u00f3 en el FESTIVAL IN LISBOA 2015, Festival Internacional de la Creatividad y de la Innovaci\u00f3n de Lisboa, del 23 al 26 de Abril, dentro del stand ESPA\u00d1A CREATIVA, bajo el lema: \u00abMadrid, el mejor clima para los negocios\u00bb.<\/p>\n<p> En el \u00a0stand Espa\u00f1a Creativa, organizado por el M\u00e1ster en Econom\u00eda creativa de la Universidad Rey Juan Carlos de Madrid con la colaboraci\u00f3n de la Fundaci\u00f3n Incorpora Deportistas Solidarios, se present\u00f3 una retrospectiva de casi 50 proyectos de ciudades y territorios de Espa\u00f1a que han sido seleccionados en los F\u00f3rum realizados entre 2012 y 2015. \u00a0<br \/> \u00a0<br \/> Espa\u00f1a Creativa quiere ser la imagen de su diversidad cultural en un modelo en red, de Ciudades y Territorios Creativos a trav\u00e9s de una red de Emprendedores Creativos de toda Espa\u00f1a, llamada \u00abEl Vivero de la Imaginaci\u00f3n\u00bb. Hasta 24 emprendedores de todo el pa\u00eds participaron en Stand de Espa\u00f1a Creativa.<br \/> \u00a0<br \/> El Festival In se desarroll\u00f3 del 23 al 26 Abril en la FIL (Parque de Las Naciones), y tuvo un promedio de 56.000 visitantes en 40.000 metros cuadrados. El stand Espa\u00f1a Creativa estaba situado en la zona institucional del Festival junto a la C\u00e1mara de Comercio de Lisboa, la Embajada de los EEUU y el Instituto de Arte de New York. Fue uno de los m\u00e1s significativos y cont\u00f3 con la representaci\u00f3n institucional de la Secretar\u00eda de Estado de Cultura del Ministerio de Educaci\u00f3n, Cultura y Deportes y de la comitiva de la Embajada de Espa\u00f1a en Portugal.<br \/> \u00a0<br \/> El objetivo principal de esta Feria es servir como punto de encuentro entre los agentes involucrados en el emprendimiento y el sector cultural y creativo. Se trata \u00a0de potenciar los lazos colaborativos con nuestro pa\u00eds vecino, en aras a construir un Espacio Creativo Iberoamericano de intercambio de profesionales del sector cultural y creativo, as\u00ed como de profesores y estudiantes. Impulsar la creatividad e innovaci\u00f3n colectiva a trav\u00e9s de un modelo en red nos permite difundir el car\u00e1cter de Madrid como una ciudad abierta no s\u00f3lo abierta a los pa\u00edses que nos rodean, sino a todos los proyectos colaborativos de esp\u00edritu innovador y creativo.<\/p>\n","protected":false},"excerpt":{"rendered":"<p>El Ayuntamiento de Madrid, a trav\u00e9s de Madrid Emprende particip\u00f3 en el&#8230;<\/p>\n","protected":false},"featured_media":6967,"template":"","meta":{"_acf_changed":false},"categories":[],"noticias":[],"class_list":["post-6966","noticias","type-noticias","status-publish","has-post-thumbnail","hentry"],"acf":[],"_links":{"self":[{"href":"https:\/\/test.madridemprende.anovagroup.es\/en\/wp-json\/wp\/v2\/noticias\/6966"}],"collection":[{"href":"https:\/\/test.madridemprende.anovagroup.es\/en\/wp-json\/wp\/v2\/noticias"}],"about":[{"href":"https:\/\/test.madridemprende.anovagroup.es\/en\/wp-json\/wp\/v2\/types\/noticias"}],"version-history":[{"count":0,"href":"https:\/\/test.madridemprende.anovagroup.es\/en\/wp-json\/wp\/v2\/noticias\/6966\/revisions"}],"wp:featuredmedia":[{"embeddable":true,"href":"https:\/\/test.madridemprende.anovagroup.es\/en\/wp-json\/wp\/v2\/media\/6967"}],"wp:attachment":[{"href":"https:\/\/test.madridemprende.anovagroup.es\/en\/wp-json\/wp\/v2\/media?parent=6966"}],"wp:term":[{"taxonomy":"category","embeddable":true,"href":"https:\/\/test.madridemprende.anovagroup.es\/en\/wp-json\/wp\/v2\/categories?post=6966"},{"taxonomy":"noticias","embeddable":true,"href":"https:\/\/test.madridemprende.anovagroup.es\/en\/wp-json\/wp\/v2\/noticias?post=6966"}],"curies":[{"name":"wp","href":"https:\/\/api.w.org\/{rel}","templated":true}]}}