{"id":6990,"date":"2015-06-10T00:00:00","date_gmt":"2015-06-10T00:00:00","guid":{"rendered":"https:\/\/pre.madridemprende.anovagroup.es\/noticias\/se-abre-el-plazo-para-el-concurso-3415-minutos-de-gloria34-en-la-feria-simo-educacin\/"},"modified":"2022-06-08T11:34:54","modified_gmt":"2022-06-08T09:34:54","slug":"se-abre-el-plazo-para-el-concurso-3415-minutos-de-gloria34-en-la-feria-simo-educacin","status":"publish","type":"noticias","link":"https:\/\/test.madridemprende.anovagroup.es\/en\/noticias\/se-abre-el-plazo-para-el-concurso-3415-minutos-de-gloria34-en-la-feria-simo-educacin\/","title":{"rendered":"Se abre el plazo para el concurso \u00ab15 Minutos de Gloria\u00bb en la feria SIMO Educaci\u00f3n"},"content":{"rendered":"<p>Dentro del programa de actividades de la <a href=\\\"http:\/\/www.ifema.es\/simoeducacion_01\/\\\" target=\\\"_blank\\\"><strong>Feria SIMO Educaci\u00f3n<\/strong><\/a> se encuentra la quinta edici\u00f3n del concurso <strong>\u201c<a href=\\\"http:\/\/15minutosdegloria.com\/\\\" target=\\\"_blank\\\">15 Minutos de Gloria<\/a>\u201d<\/strong> que tiene por objetivo ofrecer una plataforma de promoci\u00f3n y alta visibilidad para\u00a0 que j\u00f3venes emprendedores y empresas presenten sus ideas y proyectos de innovacvi\u00f3n TIC <strong>orientados al mundo de la educaci\u00f3n y la ense\u00f1anza.<\/strong><br \/> \u00a0<br \/> El jurado seleccionar\u00e1 el ganador del proyecto m\u00e1s innovador, con mayor potencial de aplicaci\u00f3n e impacto social y mejor presentaci\u00f3n, que se alzar\u00e1 con <strong>un premio de 3.000 euros y un a\u00f1o de estancia para desarrollar su proyecto en <a href=\\\"\/es\/empresas\/empresas-innovadoras\/otros-centros-de-emprendimiento\/CentrosInnovacion\/ficha\/f7ad1191176f457abfb4bddb975e004a\/\\\">Madrid Smart Lab<\/a>,<\/strong> uno de los <a href=\\\"\/es\/emprendedores\/espacios-para-emprendedores\\\">Espacios para Emprendedores de Madrid Emprende<\/a>.<br \/> \u00a0<br \/> Tambi\u00e9n habr\u00e1 <strong>dos acc\u00e9sit adicionales de 500<\/strong> <strong>euros<\/strong> cada uno para premiar la calidad y puesta en escena del proyecto por un lado y para el que mayor retweets consiga durante el d\u00eda 27 de octubre por otro.<br \/> \u00a0<br \/> Los proyectos presentados al concurso <strong>\u201c<a href=\\\"http:\/\/15minutosdegloria.com\/\\\" target=\\\"_blank\\\">15 Minutos de Gloria<\/a>\u201d<\/strong> \u00a0tendr\u00e1n la oportunidad de darse a conocer en las redes sociales. As\u00ed, en una primera fase se seleccionar\u00e1n los 10 proyectos con m\u00e1s retweets en twitter y los 10 con m\u00e1s \u201cme gusta\u201d en facebook para pasar a la fase de presentaci\u00f3n en v\u00eddeo. Estos 20 proyectos seleccionados tendr\u00e1n la oportunidad de presentar en v\u00eddeo su proyecto ante un jurado que seleccionar\u00e1 los cinco mejores que presentar\u00e1n en la feria sus proyectos en intervenciones individuales y abiertas al p\u00fablico <strong>de 15 minutos de duraci\u00f3n <\/strong>para optar al primer premio y a los dos acc\u00e9sit.<br \/> \u00a0<br \/> <strong>Presentaci\u00f3n de las candidaturas<\/strong><br \/> \u00a0<br \/> Los emprendedores interesados pueden inscribirse y presentar sus trabajos en la web <a href=\\\"http:\/\/15minutosdegloria.com\/\\\">15minutosdegloria.com<\/a>, donde encontrar\u00e1n tambi\u00e9n las bases del concurso.<br \/> \u00a0<br \/> El plazo de presentaci\u00f3n de las candidaturas finaliza el d\u00eda 27 de septiembre de 2015 a las 17 horas.<br \/> \u00a0<br \/> <strong>La Feria SIMO Educaci\u00f3n<\/strong> que tendr\u00e1 lugar los d\u00edas 28 al 30 de octubre est\u00e1 organizada por <a href=\\\"http:\/\/www.ifema.es\/\\\" target=\\\"_blank\\\">IFEMA<\/a> y cuenta con la colaboraci\u00f3n de <a href=\\\"\/es\\\" target=\\\"_blank\\\">Madrid Emprende<\/a>.<\/p>\n","protected":false},"excerpt":{"rendered":"<p>Dentro del programa de actividades de la Feria SIMO Educaci\u00f3n se encuentra&#8230;<\/p>\n","protected":false},"featured_media":6991,"template":"","meta":{"_acf_changed":false},"categories":[],"noticias":[],"class_list":["post-6990","noticias","type-noticias","status-publish","has-post-thumbnail","hentry"],"acf":[],"_links":{"self":[{"href":"https:\/\/test.madridemprende.anovagroup.es\/en\/wp-json\/wp\/v2\/noticias\/6990"}],"collection":[{"href":"https:\/\/test.madridemprende.anovagroup.es\/en\/wp-json\/wp\/v2\/noticias"}],"about":[{"href":"https:\/\/test.madridemprende.anovagroup.es\/en\/wp-json\/wp\/v2\/types\/noticias"}],"version-history":[{"count":0,"href":"https:\/\/test.madridemprende.anovagroup.es\/en\/wp-json\/wp\/v2\/noticias\/6990\/revisions"}],"wp:featuredmedia":[{"embeddable":true,"href":"https:\/\/test.madridemprende.anovagroup.es\/en\/wp-json\/wp\/v2\/media\/6991"}],"wp:attachment":[{"href":"https:\/\/test.madridemprende.anovagroup.es\/en\/wp-json\/wp\/v2\/media?parent=6990"}],"wp:term":[{"taxonomy":"category","embeddable":true,"href":"https:\/\/test.madridemprende.anovagroup.es\/en\/wp-json\/wp\/v2\/categories?post=6990"},{"taxonomy":"noticias","embeddable":true,"href":"https:\/\/test.madridemprende.anovagroup.es\/en\/wp-json\/wp\/v2\/noticias?post=6990"}],"curies":[{"name":"wp","href":"https:\/\/api.w.org\/{rel}","templated":true}]}}