{"id":7000,"date":"2015-06-22T00:00:00","date_gmt":"2015-06-22T00:00:00","guid":{"rendered":"https:\/\/pre.madridemprende.anovagroup.es\/noticias\/nuevo-programa-de-emprendimiento-femenino-en-sectores-econmicos-emergentes\/"},"modified":"2022-06-08T11:34:53","modified_gmt":"2022-06-08T09:34:53","slug":"nuevo-programa-de-emprendimiento-femenino-en-sectores-econmicos-emergentes","status":"publish","type":"noticias","link":"https:\/\/test.madridemprende.anovagroup.es\/en\/noticias\/nuevo-programa-de-emprendimiento-femenino-en-sectores-econmicos-emergentes\/","title":{"rendered":"Nuevo programa de emprendimiento femenino en sectores econ\u00f3micos emergentes"},"content":{"rendered":"<p><a href=\\\"\/es\\\" target=\\\"_blank\\\">Madrid Emprende<\/a>, tras el \u00e9xito de la <a href=\\\"\/es\/Noticias\/NewsModule\/displayNewsSeo\/-ecf05c7a84a569452246a155c4829eea\/a1e68e17934928aa18a4ef4fdc33060d\/\\\" target=\\\"_blank\\\">anterior edici\u00f3n<\/a>, vuelve a realizar junto a la <a href=\\\"http:\/\/www.incyde.org\/\\\" target=\\\"_blank\\\">Fundaci\u00f3n Incyde<\/a> y la <a href=\\\"https:\/\/www.camaramadrid.es\/\\\">C\u00e1mara Oficial de Comercio, Industria y Servicios de Madrid<\/a>, el desarrollo del proyecto \u201c<em><strong>Emprendimiento Femenino en Sectores Econ\u00f3micos Emergentes y Nuevas Oportunidades de Mercado<\/strong>\u201d<\/em>, en el marco del programa de Igualdad de G\u00e9nero y Conciliaci\u00f3n de la vida laboral y Familiar, en colaboraci\u00f3n con el <a href=\\\"http:\/\/www.msssi.gob.es\/\\\" target=\\\"_blank\\\">Ministerio de Sanidad, Servicios Sociales e Igualdad<\/a>; y est\u00e1 financiado por el Fondo Social Europeo, a trav\u00e9s de un Memor\u00e1ndum de Acuerdo entre el Reino de Noruega, el Principado de Lienchtenstein, Islandia y el Reino de Espa\u00f1a.<\/p>\n<p> Este programa, de ocho semanas de duraci\u00f3n, busca incrementar la actividad emprendedora femenina en sectores emergentes con alto potencial, consolidar a las empresarias ya existentes en dichos sectores, desarrollar programas de formaci\u00f3n y apoyar y facilitar el acceso a la financiaci\u00f3n para la creaci\u00f3n y desarrollo de sus empresas.\u00a0<br \/> \u00a0<br \/> El proyecto tiene como objetivo desarrollar ideas que promuevan la igualdad entre hombres y mujeres en el mercado laboral, el emprendimiento femenino, el equilibrio en consejos de administraci\u00f3n de las empresas, la conciliaci\u00f3n de la vida laboral y personal, la inclusi\u00f3n socio-laboral de mujeres de grupos vulnerables y la lucha contra la violencia de g\u00e9nero.<\/p>\n<p> Se llevar\u00e1n a cabo las siguientes acciones:<\/p>\n<p> 1. Un taller\/jornada de orientaci\u00f3n y sensibilizaci\u00f3n de las mujeres emprendedoras\/empresarias madrile\u00f1as, con objeto de fomentar el emprendimiento entre las mismas, y de formarlas en los sectores econ\u00f3micos emergentes. Esta Jornada se realizar\u00e1 el pr\u00f3ximo d\u00eda<strong> 22 de julio<\/strong>, en horario de 9 a 13 horas de la ma\u00f1ana, en la Plaza de la Independencia n\u00ba 1.<\/p>\n<p> 2. Un Programa de Creaci\u00f3n y Consolidaci\u00f3n de Empresas gratuito\u00a0por medio del cual emprendedoras\/empresarias, puedan desarrollar un proyecto\/plan de empresa. La selecci\u00f3n de las participantes se llevar\u00e1 a cabo en funci\u00f3n de la adecuaci\u00f3n a los objetivos y caracter\u00edsticas del curso, a las posibilidades de mejora, y al inter\u00e9s y la capacidad de compromiso con las exigencias del programa (sesiones presenciales conjuntas s\u00f3lo son dos d\u00edas a la semana en jornada de tarde y una tutor\u00eda semanal individual con el consultor correspondiente, acorde a tu disponibilidad horaria).<br \/> \u00a0<br \/> Este programa se desarrollar\u00e1 en la calle Pedro Salinas, n\u00ba 11 (sede del IFE-Instituto de Formaci\u00f3n Empresarial de la C\u00e1mara de Comercio, Industria y Servicios de Madrid), donde se podr\u00e1 aparcar gratuitamente.<br \/> \u00a0<br \/> La fecha de inicio del programa es el d\u00eda 7 de septiembre, y finalizar\u00e1 el 30 de octubre.<br \/> \u00a0<br \/> 3. Una Jornada Impulso. Se realizar\u00e1 una jornada de Refuerzo, Verificaci\u00f3n e Impulso, que consistir\u00e1 en la realizaci\u00f3n de un taller especializado, que permita mentorizar a los participantes de los programas de formaci\u00f3n reforzando los conocimientos ya adquiridos, verificar la puesta en marcha de los proyectos emprendedores, as\u00ed como realizar un networking activo entre ellos, de forma que se creen sinergias y se lleven a cabo v\u00ednculos de colaboraci\u00f3n.<br \/> \u00a0<br \/> Al final del programa, las participantes podr\u00e1n obtener una visi\u00f3n global de las distintas \u00e1reas funcionales de la empresa para determinar oportunidades de mercado y desarrollar as\u00ed su propio plan de empresa\/plan de mejora. Este plan es y ser\u00e1, adem\u00e1s de una gu\u00eda de referencia para la puesta en marcha y\/o consolidaci\u00f3n de su negocio, un medio de argumentaci\u00f3n de la viabilidad del mismo ante entidades p\u00fablicas y financieras.<\/p>\n<p> De este programa cabe destacar:<\/p>\n<ul>\n<li>Equipo de consultores de gran experiencia profesional, con conocimientos espec\u00edficos del sector cultural y creativo.<\/li>\n<li>Formaci\u00f3n eminentemente pr\u00e1ctica.\u00a0<\/li>\n<li>Elaboraci\u00f3n del plan de mejora o plan de empresa, seg\u00fan sea consolidaci\u00f3n o creaci\u00f3n.<\/li>\n<li>Seguimiento individualizado de las empresas asistentes.<\/li>\n<li>Dos a\u00f1os de consultor\u00eda gratuita una vez finalizado el curso por parte del equipo de consultores de Fundaci\u00f3n Incyde.<\/li>\n<\/ul>\n<p> <a href=\\\"\/Intranet\/images_load\/PROGRAMA MSSSI 2015.pdf\\\">&#8211;> Programa\u00a0<\/a><\/p>\n<p> <a href=\\\"https:\/\/www.facebook.com\/notes\/madrid-emprende\/clausura-del-programa-de-emprendimiento-femenino-en-sectores-econ%C3%B3micos-emergent\/10152633961077854\\\">&#8211;> Clausura de la edici\u00f3n anterior<\/a><\/p>\n","protected":false},"excerpt":{"rendered":"<p>Madrid Emprende, tras el \u00e9xito de la anterior edici\u00f3n, vuelve a realizar&#8230;<\/p>\n","protected":false},"featured_media":7001,"template":"","meta":{"_acf_changed":false},"categories":[],"noticias":[],"class_list":["post-7000","noticias","type-noticias","status-publish","has-post-thumbnail","hentry"],"acf":[],"_links":{"self":[{"href":"https:\/\/test.madridemprende.anovagroup.es\/en\/wp-json\/wp\/v2\/noticias\/7000"}],"collection":[{"href":"https:\/\/test.madridemprende.anovagroup.es\/en\/wp-json\/wp\/v2\/noticias"}],"about":[{"href":"https:\/\/test.madridemprende.anovagroup.es\/en\/wp-json\/wp\/v2\/types\/noticias"}],"version-history":[{"count":0,"href":"https:\/\/test.madridemprende.anovagroup.es\/en\/wp-json\/wp\/v2\/noticias\/7000\/revisions"}],"wp:featuredmedia":[{"embeddable":true,"href":"https:\/\/test.madridemprende.anovagroup.es\/en\/wp-json\/wp\/v2\/media\/7001"}],"wp:attachment":[{"href":"https:\/\/test.madridemprende.anovagroup.es\/en\/wp-json\/wp\/v2\/media?parent=7000"}],"wp:term":[{"taxonomy":"category","embeddable":true,"href":"https:\/\/test.madridemprende.anovagroup.es\/en\/wp-json\/wp\/v2\/categories?post=7000"},{"taxonomy":"noticias","embeddable":true,"href":"https:\/\/test.madridemprende.anovagroup.es\/en\/wp-json\/wp\/v2\/noticias?post=7000"}],"curies":[{"name":"wp","href":"https:\/\/api.w.org\/{rel}","templated":true}]}}