{"id":7004,"date":"2015-07-02T00:00:00","date_gmt":"2015-07-02T00:00:00","guid":{"rendered":"https:\/\/pre.madridemprende.anovagroup.es\/noticias\/coffee-break-con-francisco-abad44-creador-de-la-fundacin-empresa-y-sociedad\/"},"modified":"2022-06-08T11:34:52","modified_gmt":"2022-06-08T09:34:52","slug":"coffee-break-con-francisco-abad44-creador-de-la-fundacin-empresa-y-sociedad","status":"publish","type":"noticias","link":"https:\/\/test.madridemprende.anovagroup.es\/en\/noticias\/coffee-break-con-francisco-abad44-creador-de-la-fundacin-empresa-y-sociedad\/","title":{"rendered":"Coffee Break con Francisco Abad, creador de la Fundaci\u00f3n Empresa y Sociedad"},"content":{"rendered":"<p>El jueves 2 de junio el\u00a0Vivero de Empresas de Carabanchel acogi\u00f3 un\u00a0<a href=\\\"\/es\/emprendedores\/in-formacion-y-networking\/coffee-break\\\" target=\\\"_blank\\\">Coffee Break<\/a>\u00a0que tuvo como invitado a <a href=\\\"https:\/\/twitter.com\/franciscoabadj\\\" target=\\\"_blank\\\">Francisco Abad<\/a>, fundador y director de la <a href=\\\"http:\/\/www.empresaysociedad.org\/\\\" target=\\\"_blank\\\">Fundaci\u00f3n Empresa y Sociedad<\/a>, cuyo objetivo es fomentar la colaboraci\u00f3n entre empresarios comprometidos para generar cambios relevantes y provocar una mejora en la realidad social.<\/p>\n<p> El Coffee Break consiste en un encuentro con una persona relevante, donde el invitado comparte con los asistentes su experiencia e intenta dar respuesta a todas las dudas que se planteen.<br \/> En esta ocasi\u00f3n fue organizado como respuesta a una demanda de los propios alojados en la Red de Viveros de Empresas de Madrid Emprende, quienes manifestaron una necesidad de orientaci\u00f3n y gu\u00eda sobre las claves para la captaci\u00f3n de clientes B2B para <a href=\\\"\/es\/emprendedores\\\" target=\\\"_blank\\\">emprender en Madrid<\/a>.<\/p>\n<p> <a href=\\\"https:\/\/twitter.com\/PericoGlezTroba\\\" target=\\\"_blank\\\">Pedro Gonz\u00e1lez Torroba<\/a>, Director de Madrid Emprende, fue el encargado de moderar este din\u00e1mico encuentro en el que Francisco Abad adem\u00e1s present\u00f3 la labor que lleva a cabo su fundaci\u00f3n, as\u00ed como los <a href=\\\"http:\/\/www.empresaysociedad.org\/noticias\/News\/show\/porque-los-emprended-1530\\\" target=\\\"_blank\\\">Premios Comprendedor<\/a> que \u00e9sta organiza.<\/p>\n<p> En la segunda edici\u00f3n de estos premios, se ha querido incidir a\u00fan m\u00e1s en el impulso del cambio del sistema de compras de entidades tanto p\u00fablicas como privadas para permitir a los emprendedores B2B incorporarse como proveedores innovadores.<\/p>\n<p> Durante el encuentro, Francisco Abad trasmiti\u00f3 a los asistentes sus reflexiones acerca de los pilares sobre los que se debe establecer una buena estrategia de captaci\u00f3n de clientes. En primer lugar, destac\u00f3 la necesidad de tener muy claras las siguientes tres preguntas fundamentales: \u00bfQu\u00e9 vendo?, \u00bfA qui\u00e9n se lo vendo? y \u00bfPor qu\u00e9 me van a elegir a m\u00ed?<\/p>\n<p> Otro punto clave que Abad destac\u00f3, es la importancia de encontrar dentro del cliente a la persona ideal para poder llegar a cerrar el trato, alguien que tenga la necesidad del producto y adem\u00e1s el poder de decisi\u00f3n sobre la compra. Igualmente, quiso trasmitir la importancia de saber combinar argumentos tanto racionales como emocionales en el proceso de venta.<\/p>\n<p> Antes de compartir un caf\u00e9 con los asistentes, Francisco Abad dej\u00f3 una frase escrita en el ventanal del Vivero de Carabanchel: \u201cEl futuro depende de todo, de nosotros, de ti\u201d.<br \/> \u00e2\u20ac\u2039<center><iframe src=\\\"https:\/\/www.youtube.com\/embed\/z1fjj5VOm7E\\\" width=\\\"560\\\" height=\\\"315\\\" frameborder=\\\"0\\\" allowfullscreen=\\\"\\\">style=&amp;amp;amp;amp;rdquo;display:block; margin: 0 auto;&amp;amp;amp;amp;rdquo;&amp;amp;amp;amp;amp;amp;gt;<\/iframe><\/center><\/p>\n","protected":false},"excerpt":{"rendered":"<p>El jueves 2 de junio el\u00a0Vivero de Empresas de Carabanchel acogi\u00f3 un\u00a0Coffee&#8230;<\/p>\n","protected":false},"featured_media":7005,"template":"","meta":{"_acf_changed":false},"categories":[],"noticias":[],"class_list":["post-7004","noticias","type-noticias","status-publish","has-post-thumbnail","hentry"],"acf":[],"_links":{"self":[{"href":"https:\/\/test.madridemprende.anovagroup.es\/en\/wp-json\/wp\/v2\/noticias\/7004"}],"collection":[{"href":"https:\/\/test.madridemprende.anovagroup.es\/en\/wp-json\/wp\/v2\/noticias"}],"about":[{"href":"https:\/\/test.madridemprende.anovagroup.es\/en\/wp-json\/wp\/v2\/types\/noticias"}],"version-history":[{"count":0,"href":"https:\/\/test.madridemprende.anovagroup.es\/en\/wp-json\/wp\/v2\/noticias\/7004\/revisions"}],"wp:featuredmedia":[{"embeddable":true,"href":"https:\/\/test.madridemprende.anovagroup.es\/en\/wp-json\/wp\/v2\/media\/7005"}],"wp:attachment":[{"href":"https:\/\/test.madridemprende.anovagroup.es\/en\/wp-json\/wp\/v2\/media?parent=7004"}],"wp:term":[{"taxonomy":"category","embeddable":true,"href":"https:\/\/test.madridemprende.anovagroup.es\/en\/wp-json\/wp\/v2\/categories?post=7004"},{"taxonomy":"noticias","embeddable":true,"href":"https:\/\/test.madridemprende.anovagroup.es\/en\/wp-json\/wp\/v2\/noticias?post=7004"}],"curies":[{"name":"wp","href":"https:\/\/api.w.org\/{rel}","templated":true}]}}