{"id":7006,"date":"2015-06-30T00:00:00","date_gmt":"2015-06-30T00:00:00","guid":{"rendered":"https:\/\/pre.madridemprende.anovagroup.es\/noticias\/clausura-y-entrega-de-diplomas-de-la-ii-edicin-del-curso-de-internacionalizacin-para-emprendedores-34el-mundo-es-mi-mercado34\/"},"modified":"2022-06-08T11:34:52","modified_gmt":"2022-06-08T09:34:52","slug":"clausura-y-entrega-de-diplomas-de-la-ii-edicin-del-curso-de-internacionalizacin-para-emprendedores-34el-mundo-es-mi-mercado34","status":"publish","type":"noticias","link":"https:\/\/test.madridemprende.anovagroup.es\/en\/noticias\/clausura-y-entrega-de-diplomas-de-la-ii-edicin-del-curso-de-internacionalizacin-para-emprendedores-34el-mundo-es-mi-mercado34\/","title":{"rendered":"Clausura y entrega de diplomas de la II edici\u00f3n del curso de internacionalizaci\u00f3n para emprendedores \u00abEl Mundo es mi Mercado\u00bb"},"content":{"rendered":"<p>El 30 de junio, en la sede del <a href=\\\"http:\/\/www.iese.edu\/es\/\\\" target=\\\"_blank\\\">IESE<\/a>, ha tenido lugar la clausura y acto de entrega de diplomas de la <strong>II edici\u00f3n del <a href=\\\"\/es\/emprendedores\/in-formacion-y-networking\/curso-internacionalizacion\\\" target=\\\"_blank\\\">curso de internacionalizaci\u00f3n\u00a0 \u201cEl mundo es mi mercado\u201d<\/a><\/strong><br \/> \u00a0\u00a0<br \/> Tras el \u00e9xito de la I edici\u00f3n del curso de internacionalizaci\u00f3n para emprendedores <a href=\\\"https:\/\/youtu.be\/ieALayneu3g\\\" target=\\\"_blank\\\">\u201c<em>El Mundo es mi Mercado<\/em>\u201d en 2014<\/a>, Citi Foundation, colaborador del <a href=\\\"http:\/\/www.madrid.es\/\\\" target=\\\"_blank\\\">Ayuntamiento de Madrid<\/a> a trav\u00e9s de <a href=\\\"\/es\\\">Madrid Emprende<\/a>, lanza una <strong>II edici\u00f3n<\/strong> junto a <a href=\\\"http:\/\/www.iese.edu\/es\/claustro-investigacion\/centros-investigacion\/irco\/\\\" target=\\\"_blank\\\">IRCO-IESE<\/a>, entidad a cargo de desarrollar el programa formativo, y como novedad en esta edici\u00f3n en colaboraci\u00f3n tambi\u00e9n con el programa europeo <a href=\\\"http:\/\/welcomestartup.eu\/\\\" target=\\\"_blank\\\">Welcome (Startup Europe Initiative)<\/a>.<br \/> \u00a0<br \/> \u00a0\u201c<em>El Mundo es mi Mercado<\/em>\u201d II edici\u00f3n, ha sido gratuita y se ha dirigido principalmente a emprendedores de la <a href=\\\"\/es\/emprendedores\/espacios-para-emprendedores\/viveros-de-empresas\\\" target=\\\"_blank\\\">Red de Viveros de la Ciudad<\/a>, as\u00ed como a otros emprendedores tambi\u00e9n ligados al ecosistema de Madrid Emprende, que tengan proyectos de alto potencial susceptibles de internacionalizarse. En definitiva, a emprendedores, <strong>start-ups<\/strong>\u00a0y <strong>pymes<\/strong> que quieran comenzar o afianzar sus procesos de internacionalizaci\u00f3n.\u00a0<br \/> \u00a0<br \/> Es una formaci\u00f3n ajustada a la realidad de startups tecnol\u00f3gicas, que pretende ir m\u00e1s all\u00e1 de la formaci\u00f3n tradicional en comercio exterior, al dirigirse espec\u00edficamente a emprendedores con ambici\u00f3n global, mediante contenidos adaptados a sus necesidades y una metodolog\u00eda inspirada en los mejores programas del IESE, que combina la teor\u00eda con el estudio del caso y charlas de emprendedores consagrados y directivos de Citi.<br \/> \u00a0<br \/> Asimismo, Welcome tendr\u00e1 en cuenta a las startups que participen en \u201cEl mundo es mi mercado\u201d para otros programas que conecten los ecosistemas de Madrid con Berl\u00edn, Dubl\u00edn y Mil\u00e1n (talleres formativos, mentoring internacional, encuentros con inversores, etc.)<br \/> \u00a0<br \/> <strong>A trav\u00e9s de esta iniciativa el Ayuntamiento consolida su papel como agente clave en promover y consolidar eficaces colaboraciones p\u00fablico \u2013 privada; en este caso con uno de los mayores bancos del mundo y una escuela de negocios l\u00edder, siempre buscando el beneficio de los emprendedores.<\/strong><\/p>\n","protected":false},"excerpt":{"rendered":"<p>El 30 de junio, en la sede del IESE, ha tenido lugar la clausura y acto de&#8230;<\/p>\n","protected":false},"featured_media":7007,"template":"","meta":{"_acf_changed":false},"categories":[],"noticias":[],"class_list":["post-7006","noticias","type-noticias","status-publish","has-post-thumbnail","hentry"],"acf":[],"_links":{"self":[{"href":"https:\/\/test.madridemprende.anovagroup.es\/en\/wp-json\/wp\/v2\/noticias\/7006"}],"collection":[{"href":"https:\/\/test.madridemprende.anovagroup.es\/en\/wp-json\/wp\/v2\/noticias"}],"about":[{"href":"https:\/\/test.madridemprende.anovagroup.es\/en\/wp-json\/wp\/v2\/types\/noticias"}],"version-history":[{"count":0,"href":"https:\/\/test.madridemprende.anovagroup.es\/en\/wp-json\/wp\/v2\/noticias\/7006\/revisions"}],"wp:featuredmedia":[{"embeddable":true,"href":"https:\/\/test.madridemprende.anovagroup.es\/en\/wp-json\/wp\/v2\/media\/7007"}],"wp:attachment":[{"href":"https:\/\/test.madridemprende.anovagroup.es\/en\/wp-json\/wp\/v2\/media?parent=7006"}],"wp:term":[{"taxonomy":"category","embeddable":true,"href":"https:\/\/test.madridemprende.anovagroup.es\/en\/wp-json\/wp\/v2\/categories?post=7006"},{"taxonomy":"noticias","embeddable":true,"href":"https:\/\/test.madridemprende.anovagroup.es\/en\/wp-json\/wp\/v2\/noticias?post=7006"}],"curies":[{"name":"wp","href":"https:\/\/api.w.org\/{rel}","templated":true}]}}