{"id":7030,"date":"2015-10-30T00:00:00","date_gmt":"2015-10-30T00:00:00","guid":{"rendered":"https:\/\/pre.madridemprende.anovagroup.es\/noticias\/la-escuela-de-innovacin-para-el-comercio-del-ayuntamiento-de-madrid\/"},"modified":"2022-06-08T11:28:05","modified_gmt":"2022-06-08T09:28:05","slug":"la-escuela-de-innovacin-para-el-comercio-del-ayuntamiento-de-madrid","status":"publish","type":"noticias","link":"https:\/\/test.madridemprende.anovagroup.es\/en\/noticias\/la-escuela-de-innovacin-para-el-comercio-del-ayuntamiento-de-madrid\/","title":{"rendered":"La Escuela de Innovaci\u00f3n para el Comercio del Ayuntamiento de Madrid"},"content":{"rendered":"<div class=\\\"MsoNormal\\\" style=\\\"text-align: justify;\\\"><span style=\\\"font-size: 12.0pt; line-height: 115%; mso-ansi-language: ES;\\\">La Escuela de Innovaci\u00f3n para el Comercio del Ayuntamiento de Madrid, creada con el objetivo dar respuesta a la necesidad permanente de formaci\u00f3n espec\u00edfica para los <strong>empresarios y trabajadores del sector comercial y hostelero<\/strong> del municipio de Madrid, y ubicada en el Vivero de Empresas de Carabanchel, ampl\u00eda durante el mes de noviembre de 2015 su actividad a otras dependencias municipales dada la extraordinaria acogida que por parte del sector ha tenido la actividad formativa desarrollada hasta el momento. \u00a0<\/span><\/div>\n<div class=\\\"MsoNormal\\\" style=\\\"text-align: justify;\\\"><span style=\\\"font-size: 12.0pt; line-height: 115%; mso-ansi-language: ES;\\\">As\u00ed, aparte de las actividades programadas en el mes de noviembre en el <\/span><span lang=\\\"EN-US\\\"><a href=\\\"\/es\/emprendedores\/espacios-para-emprendedores\/viveros-de-empresas\/Viveros\/ficha\/4728d57df9ddd693aebc6893018681e3\/\\\"><span lang=\\\"ES\\\" style=\\\"font-size: 12.0pt; line-height: 115%; mso-ansi-language: ES;\\\">Vivero de Empresas de Carabanchel<\/span><\/a><\/span><span style=\\\"font-size: 12.0pt; line-height: 115%; mso-ansi-language: ES;\\\">, se han programado tambi\u00e9n actividades formativas en los Viveros de Empresas <\/span><span lang=\\\"EN-US\\\"><a href=\\\"\/es\/emprendedores\/espacios-para-emprendedores\/viveros-de-empresas\/Viveros\/ficha\/1d2b603c5ca5d984996cb36e7138fd9d\/\\\"><span lang=\\\"ES\\\" style=\\\"font-size: 12.0pt; line-height: 115%; mso-ansi-language: ES;\\\">de Vicalvaro<\/span><\/a><\/span><span style=\\\"font-size: 12.0pt; line-height: 115%; mso-ansi-language: ES;\\\"> y <\/span><span lang=\\\"EN-US\\\"><a href=\\\"\/es\/emprendedores\/espacios-para-emprendedores\/viveros-de-empresas\/Viveros\/ficha\/e159d7430288c4cd3ebc647be7b1490f\/\\\"><span lang=\\\"ES\\\" style=\\\"font-size: 12.0pt; line-height: 115%; mso-ansi-language: ES;\\\">San Blas<\/span><\/a><\/span><span style=\\\"font-size: 12.0pt; line-height: 115%; mso-ansi-language: ES;\\\"> .<\/span><\/div>\n<div class=\\\"MsoNormal\\\" style=\\\"text-align: justify;\\\"><span style=\\\"font-size: 12.0pt; line-height: 115%; mso-ansi-language: ES;\\\">Se trata de actividades formativas y talleres de <strong>car\u00e1cter totalmente gratuito<\/strong>, que se desarrollan principalmente en horario de ma\u00f1ana, dirigidas <\/span><span style=\\\"font-size: 12.0pt; line-height: 115%; mso-bidi-font-family: Calibri; color: #333333; background: white; mso-ansi-language: ES;\\\">tanto a\u00a0 asociaciones y profesionales del sector del comercio y la hosteler\u00eda, como a emprendedores, desempleados y\u00a0 cualquier otro interesado.<\/span><\/div>\n<div style=\\\"margin: 0cm 0cm 0.0001pt; line-height: 18pt; vertical-align: baseline; text-align: justify; background: white;\\\"><span style=\\\"font-family: Calibri; mso-bidi-font-family: Calibri; color: #333333; mso-ansi-language: ES;\\\">Los interesados pueden formalizar la <strong>inscripci\u00f3n. <\/strong><\/span><\/div>\n<div style=\\\"margin: 0cm 0cm 0.0001pt; line-height: 18pt; vertical-align: baseline; text-align: justify; background: white;\\\"><span style=\\\"font-size: 10.0pt; mso-bidi-font-size: 12.0pt; font-family: Symbol; mso-fareast-font-family: Symbol; mso-bidi-font-family: Symbol; color: #333333; mso-ansi-language: ES;\\\">\u00b7<span style=\\\"font-stretch: normal; font-size: 7pt; line-height: normal; font-family: \\'Times New Roman\\';\\\">\u00a0\u00a0\u00a0\u00a0\u00a0\u00a0\u00a0\u00a0\u00a0\u00a0\u00a0\u00a0\u00a0\u00a0\u00a0\u00a0\u00a0\u00a0\u00a0\u00a0 <\/span><\/span><span style=\\\"font-size: 12.0pt; mso-bidi-font-family: Calibri; color: #333333; mso-ansi-language: ES;\\\">Por correo electr\u00f3nico<strong>:<\/strong>\u00a0<\/span><span lang=\\\"EN-US\\\" style=\\\"line-height: 13.65pt; text-indent: -18pt;\\\"><a href=\\\"mailto:ecomercio@idelnet.com\\\"><span lang=\\\"ES\\\" style=\\\"font-size: 12.0pt; mso-bidi-font-family: Calibri; color: #337ab7; mso-ansi-language: ES; text-decoration: none; text-underline: none;\\\">ecomercio@idelnet.com<\/span><\/a><\/span><\/div>\n<p class=\\\"MsoNormal\\\" style=\\\"text-indent: -18pt; line-height: 13.65pt; vertical-align: baseline; margin: 7.5pt 0cm 7.5pt 12.75pt; text-align: justify; background: white;\\\"><!-- [if !supportLists]--><span lang=\\\"EN-US\\\" style=\\\"font-size: 10.0pt; mso-bidi-font-size: 12.0pt; font-family: Symbol; mso-fareast-font-family: Symbol; mso-bidi-font-family: Symbol; color: #333333;\\\">\u00a0 \u00b7<span style=\\\"font-stretch: normal; font-size: 7pt; line-height: normal; font-family: \\'Times New Roman\\';\\\">\u00a0 \u00a0 \u00a0 \u00a0 \u00a0 \u00a0 \u00a0 \u00a0 \u00a0 \u00a0\u00a0<\/span><\/span><!--[endif]--><span lang=\\\"EN-US\\\" style=\\\"font-size: 12.0pt; mso-bidi-font-family: Calibri; color: #333333;\\\">Por tel\u00e9fono: 917 326 555<\/p>\n<p><\/span><\/p>\n<p><span lang=\\\"EN-US\\\"><span lang=\\\"ES\\\" style=\\\"font-size: 12.0pt; line-height: 115%; mso-ansi-language: ES;\\\">Se puede obtener m\u00e1s informaci\u00f3n en:<\/p>\n<p><span lang=\\\"EN-US\\\" style=\\\"font-size: 11.0pt; font-family: Arial; mso-fareast-font-family: \\'Times New Roman\\'; mso-ansi-language: EN-US; mso-fareast-language: ES; mso-bidi-language: AR-SA;\\\"><a title=\\\"Escuela de Innovaci\u00f3n para el Comercio\\\" href=\\\"\/es\/comercio\/escuela-de-comercio\\\"><span lang=\\\"ES\\\">Escuela de Innovaci\u00f3n para el Comercio<\/span><\/a><\/span><br \/><\/span><\/span><span lang=\\\"EN-US\\\"><a href=\\\"https:\/\/www.facebook.com\/Escuela-de-Comercio-436605186518556\/\\\"><span lang=\\\"ES\\\" style=\\\"font-size: 12.0pt; mso-bidi-font-family: Calibri; mso-ansi-language: ES;\\\">https:\/\/www.facebook.com\/Escuela-de-Comercio-436605186518556\/<\/span><\/a><\/span><br \/><span lang=\\\"EN-US\\\"><a href=\\\"https:\/\/twitter.com\/ComercioEscuela\\\"><span lang=\\\"ES\\\" style=\\\"font-size: 12.0pt; mso-bidi-font-family: Calibri; color: #337ab7; mso-ansi-language: ES; text-decoration: none; text-underline: none;\\\">https:\/\/twitter.com\/ComercioEscuela<\/span><\/a><\/span><br \/><span lang=\\\"EN-US\\\"><a href=\\\"http:\/\/es.slideshare.net\/EscuelaComercioMadrid\\\"><span lang=\\\"ES\\\" style=\\\"font-size: 12.0pt; mso-bidi-font-family: Calibri; color: #337ab7; mso-ansi-language: ES; text-decoration: none; text-underline: none;\\\">http:\/\/es.slideshare.net\/EscuelaComercioMadrid<\/span><\/a><\/span><\/p>\n<div class=\\\"MsoNormal\\\" style=\\\"text-align: justify;\\\"><span style=\\\"font-size: 12.0pt; line-height: 115%; mso-bidi-font-family: Calibri; mso-ansi-language: ES;\\\">\u00a0<\/span><\/div>\n","protected":false},"excerpt":{"rendered":"<p>La Escuela de Innovaci\u00f3n para el Comercio del Ayuntamiento de Madrid,&#8230;<\/p>\n","protected":false},"featured_media":7031,"template":"","meta":{"_acf_changed":false},"categories":[],"noticias":[],"class_list":["post-7030","noticias","type-noticias","status-publish","has-post-thumbnail","hentry"],"acf":[],"_links":{"self":[{"href":"https:\/\/test.madridemprende.anovagroup.es\/en\/wp-json\/wp\/v2\/noticias\/7030"}],"collection":[{"href":"https:\/\/test.madridemprende.anovagroup.es\/en\/wp-json\/wp\/v2\/noticias"}],"about":[{"href":"https:\/\/test.madridemprende.anovagroup.es\/en\/wp-json\/wp\/v2\/types\/noticias"}],"version-history":[{"count":0,"href":"https:\/\/test.madridemprende.anovagroup.es\/en\/wp-json\/wp\/v2\/noticias\/7030\/revisions"}],"wp:featuredmedia":[{"embeddable":true,"href":"https:\/\/test.madridemprende.anovagroup.es\/en\/wp-json\/wp\/v2\/media\/7031"}],"wp:attachment":[{"href":"https:\/\/test.madridemprende.anovagroup.es\/en\/wp-json\/wp\/v2\/media?parent=7030"}],"wp:term":[{"taxonomy":"category","embeddable":true,"href":"https:\/\/test.madridemprende.anovagroup.es\/en\/wp-json\/wp\/v2\/categories?post=7030"},{"taxonomy":"noticias","embeddable":true,"href":"https:\/\/test.madridemprende.anovagroup.es\/en\/wp-json\/wp\/v2\/noticias?post=7030"}],"curies":[{"name":"wp","href":"https:\/\/api.w.org\/{rel}","templated":true}]}}