{"id":7036,"date":"2015-11-05T00:00:00","date_gmt":"2015-11-05T00:00:00","guid":{"rendered":"https:\/\/pre.madridemprende.anovagroup.es\/noticias\/v-edicin-de-los-premios-emprendedor-universitario\/"},"modified":"2022-06-08T11:28:04","modified_gmt":"2022-06-08T09:28:04","slug":"v-edicin-de-los-premios-emprendedor-universitario","status":"publish","type":"noticias","link":"https:\/\/test.madridemprende.anovagroup.es\/en\/noticias\/v-edicin-de-los-premios-emprendedor-universitario\/","title":{"rendered":"V Edici\u00f3n de los Premios Emprendedor Universitario"},"content":{"rendered":"<p class=\\\"MsoNormal\\\" style=\\\"text-align: justify;\\\"><span style=\\\"font-family: tahoma, arial, helvetica, sans-serif; font-size: 10pt;\\\">Estos premios tienen como objetivo detectar y respaldar las iniciativas emprendedoras que surgen en el entorno de la universidad, as\u00ed como potenciar la innovaci\u00f3n en la sociedad.<\/span><\/p>\n<p class=\\\"MsoNormal\\\" style=\\\"text-align: justify;\\\"><span style=\\\"font-family: tahoma, arial, helvetica, sans-serif; font-size: 10pt;\\\">En todas las propuestas se buscaba la originalidad y un car\u00e1cter innovador, que el mercado objetivo sea de alto potencial, ventajas competitivas frente a la competencia y un alto nivel de implicaci\u00f3n con el desarrollo del proyecto.<\/span><\/p>\n<p class=\\\"MsoNormal\\\" style=\\\"text-align: justify;\\\"><span style=\\\"font-family: tahoma, arial, helvetica, sans-serif; font-size: 10pt;\\\">Los participantes han podido presentar sus candidaturas a tres modalidades en las que, adem\u00e1s de los criterios generales, tambi\u00e9n se valoraban otros m\u00e1s espec\u00edficos:<\/span><\/p>\n<ul>\n<li><span style=\\\"font-family: tahoma, arial, helvetica, sans-serif; font-size: 10pt;\\\"><strong style=\\\"text-indent: -18pt;\\\">Modalidad 1<\/strong><span style=\\\"text-indent: -18pt;\\\">: \u201cPremio a ideas emprendedoras\u201d, en la que se prestaba especial atenci\u00f3n a su funci\u00f3n social.<\/span><\/span><\/li>\n<\/ul>\n<ul>\n<li><span style=\\\"font-family: tahoma, arial, helvetica, sans-serif; font-size: 10pt;\\\"><strong style=\\\"text-align: justify; text-indent: -18pt;\\\">Modalidad 2<\/strong>: \u201cPremios a proyectos empresariales\u201d, donde se analizaba espec\u00edficamente su modelo de negocio, proyecci\u00f3n internacional, potencial para crear empleo, su escalabilidad, y la estructura y calidad del plan de empresa.<\/span><\/li>\n<\/ul>\n<ul>\n<li><span style=\\\"font-family: tahoma, arial, helvetica, sans-serif; font-size: 10pt;\\\"><strong style=\\\"text-align: justify; text-indent: -18pt;\\\">Modalidad 3<\/strong>: \u201cPremio a proyectos de base tecnol\u00f3gica\u201d, en la cual, a parte de los criterios generales y los de la modalidad 2, la atenci\u00f3n tambi\u00e9n reca\u00eda en la tecnolog\u00eda o conocimiento que se pretende transferir a trav\u00e9s de la EBT-UCM.<\/span><\/li>\n<\/ul>\n<p class=\\\"MsoListParagraphCxSpLast\\\" style=\\\"text-align: justify; text-indent: -18.0pt; mso-list: l0 level1 lfo1;\\\"><span style=\\\"font-size: 10pt;\\\">\u00a0<\/span><\/p>\n<p class=\\\"MsoNormal\\\" style=\\\"text-align: justify;\\\"><span style=\\\"font-family: tahoma, arial, helvetica, sans-serif; font-size: 10pt;\\\"><a href=\\\"\/es\\\">La Direcci\u00f3n General de Comercio y Emprendimiento del Ayuntamiento de Madrid<\/a> colabor\u00f3 mediante la gesti\u00f3n de uno de los premios englobados a la modalidad 2. El proyecto <a href=\\\"http:\/\/ctosenabler.crowtec.eu\/\\\">CtOs Enabler<\/a> result\u00f3 ganador, por lo que se beneficiar\u00e1 de un espacio de trabajo para desarrollar su idea en uno de los Viveros de Empresas del Ayuntamiento.<\/span><\/p>\n<p class=\\\"MsoNormal\\\" style=\\\"text-align: justify;\\\"><span style=\\\"font-family: tahoma, arial, helvetica, sans-serif; font-size: 10pt;\\\">Como apunt\u00f3 Estrella Mart\u00edn, Subdirectora General de Emprendedores y Pymes del Ayuntamiento de Madrid, hace ya 10 a\u00f1os que desde el Ayuntamiento se apost\u00f3 fehacientemente por el emprendimiento, mediante programas, acciones, instalaciones y por supuesto mediante colaboraciones como \u00e9sta.<\/span><\/p>\n","protected":false},"excerpt":{"rendered":"<p>Estos premios tienen como objetivo detectar y respaldar las iniciativas&#8230;<\/p>\n","protected":false},"featured_media":7037,"template":"","meta":{"_acf_changed":false},"categories":[],"noticias":[],"class_list":["post-7036","noticias","type-noticias","status-publish","has-post-thumbnail","hentry"],"acf":[],"_links":{"self":[{"href":"https:\/\/test.madridemprende.anovagroup.es\/en\/wp-json\/wp\/v2\/noticias\/7036"}],"collection":[{"href":"https:\/\/test.madridemprende.anovagroup.es\/en\/wp-json\/wp\/v2\/noticias"}],"about":[{"href":"https:\/\/test.madridemprende.anovagroup.es\/en\/wp-json\/wp\/v2\/types\/noticias"}],"version-history":[{"count":0,"href":"https:\/\/test.madridemprende.anovagroup.es\/en\/wp-json\/wp\/v2\/noticias\/7036\/revisions"}],"wp:featuredmedia":[{"embeddable":true,"href":"https:\/\/test.madridemprende.anovagroup.es\/en\/wp-json\/wp\/v2\/media\/7037"}],"wp:attachment":[{"href":"https:\/\/test.madridemprende.anovagroup.es\/en\/wp-json\/wp\/v2\/media?parent=7036"}],"wp:term":[{"taxonomy":"category","embeddable":true,"href":"https:\/\/test.madridemprende.anovagroup.es\/en\/wp-json\/wp\/v2\/categories?post=7036"},{"taxonomy":"noticias","embeddable":true,"href":"https:\/\/test.madridemprende.anovagroup.es\/en\/wp-json\/wp\/v2\/noticias?post=7036"}],"curies":[{"name":"wp","href":"https:\/\/api.w.org\/{rel}","templated":true}]}}