{"id":7038,"date":"2015-11-16T00:00:00","date_gmt":"2015-11-16T00:00:00","guid":{"rendered":"https:\/\/pre.madridemprende.anovagroup.es\/noticias\/un-ao-ms-estaremos-presentes-en-el-saln-miempresa\/"},"modified":"2022-06-08T11:28:04","modified_gmt":"2022-06-08T09:28:04","slug":"un-ao-ms-estaremos-presentes-en-el-saln-miempresa","status":"publish","type":"noticias","link":"https:\/\/test.madridemprende.anovagroup.es\/en\/noticias\/un-ao-ms-estaremos-presentes-en-el-saln-miempresa\/","title":{"rendered":"Un a\u00f1o m\u00e1s estaremos presentes en el Sal\u00f3n MiEmpresa"},"content":{"rendered":"<p>Un a\u00f1o m\u00e1s el <a href=\\\"http:\/\/www.madrid.es\/portales\/munimadrid\/es\/Inicio?vgnextfmt=default&#038;vgnextchannel=1ccd566813946010VgnVCM100000dc0ca8c0RCRD\\\" target=\\\"_blank\\\">Ayuntamiento de Madrid<\/a>, a trav\u00e9s de la Direcci\u00f3n General de Comercio y Emprendimento, estar\u00e1 presente en la <a href=\\\"http:\/\/www.salonmiempresa.com\/sme-2016\/\\\" target=\\\"_blank\\\">VII edici\u00f3n del Sal\u00f3n MiEmpresa<\/a> #SME2016, apoyando al evento de referencia para emprendedores, empresas y pymes de Espa\u00f1a, que\u00a0contar\u00e1\u00a0con\u00a0<a href=\\\"http:\/\/www.bankia.es\/\\\" target=\\\"_blank\\\"><strong>Bankia<\/strong><\/a>\u00a0como patrocinador principal,\u00a0<a href=\\\"http:\/\/www.correos.es\/ss\/Satellite\/site\/pagina-inicio\/info\\\" target=\\\"_blank\\\"><strong>Correos<\/strong><\/a>\u00a0como co-patrocinador.<\/p>\n<p>El encuentro tendr\u00e1 lugar los d\u00edas <strong>16 y 17 de febrero<\/strong> de 2016 en <a href=\\\"http:\/\/www.barclaycardcenter.es\/\\\" target=\\\"_blank\\\">Barclaycard Center <\/a>de Madrid\u00a0y contar\u00e1 con m\u00e1s de 200 ponentes expertos, m\u00e1s de 15.000 visitantes y m\u00e1s de 10 salas de conferencias.<\/p>\n<p>Consigue tu <strong>entrada con descuento<\/strong> <a href=\\\"http:\/\/www.salonmiempresa.com\/invitacion-ayuntamiento\/\\\" target=\\\"_blank\\\">aqu\u00ed\u00a0<\/a>o introduce el c\u00f3digo\u00a0<strong>MADRID2016<\/strong> en el formulario de registro.<\/p>\n<p><img src=\\\"\/images\/public\/source\/sme2016.png\\\" alt=\\\"sme2016\\\" width=\\\"540\\\" height=\\\"173\\\" \/><\/p>\n<p>En esta edici\u00f3n la sala\u00a0<strong>\\\u00bbThe Ring\\\u00bb<em>\u00a0<\/em><\/strong>de<strong><em>\u00a0<\/em><\/strong><a href=\\\"http:\/\/bstartup.bancsabadell.com\/\\\" target=\\\"_blank\\\">BStartup de Banco Sabadell<\/a>, ser\u00e1 una gran protagonista, un espacio\u00a0que simula un\u00a0ring de boxeo\u00a0y cuenta con un cuadril\u00e1tero real. Es en este<em>\u00a0ring<\/em>\u00a0donde 40 start-ups se enfrentar\u00e1n en diferentes asaltos en el concurso <a href=\\\"http:\/\/www.salonmiempresa.com\/actividades\/elevator-pitch-2016\/?utm_campaign=salon-miempresa-2016-enero&#038;utm_medium=email&#038;utm_source=acumbamail\\\">Elevator Pitch <\/a>y los representantes de los proyectos seleccionados lidiar\u00e1n cara a cara por conseguir un objetivo com\u00fan: obtener la financiaci\u00f3n que necesitan para seguir desarrollando sus ideas de negocio. Habr\u00e1 10 categor\u00edas de participaci\u00f3n:\u00a0Apps\/Movilidad; Big Data\/Social Analytics; Bio-tech\/e-Health; Consumo Colaborativo; E-commerce; Fin-tech; Marketplace\/Comunidad; Hardware\/Internet de las cosas; SaaS (Software as a Service) y Videojuegos\/Gaming.\u00a0<\/p>\n<p>Los finalistas seleccionados (uno por cada categor\u00eda) presentar\u00e1n su pitch durante la tarde del segundo d\u00eda del Sal\u00f3n MiEmpresa, mi\u00e9rcoles 17 de febrero, frente a un\u00a0jurado de excepci\u00f3n formado por\u00a0<em>business angels<\/em>, inversores y fondos de capital riesgo que valorar\u00e1 m\u00faltiples aspectos como el modelo de negocio, su viabilidad, el equipo, mercado, ventajas competitivas, posibilidad de internacionalizaci\u00f3n y perspectivas de futuro, entre otros.<\/p>\n<p>Ya han confirmado su participaci\u00f3n m\u00e1s de 60 expositores: Bankia, Avalmadrid, Capital Radio, Upta, Enisa, Emprendedores&#8230;. consulta <a href=\\\"http:\/\/www.salonmiempresa.com\/expositores\/como-participar-en-sme2016\/\\\" target=\\\"_blank\\\">aqui<\/a>\u00a0si quieres participar como expositor del\u00a0#SME2016<\/p>\n<p><\/p>\n","protected":false},"excerpt":{"rendered":"<p>Un a\u00f1o m\u00e1s el Ayuntamiento de Madrid, a trav\u00e9s de la Direcci\u00f3n General de&#8230;<\/p>\n","protected":false},"featured_media":7039,"template":"","meta":{"_acf_changed":false},"categories":[],"noticias":[],"class_list":["post-7038","noticias","type-noticias","status-publish","has-post-thumbnail","hentry"],"acf":[],"_links":{"self":[{"href":"https:\/\/test.madridemprende.anovagroup.es\/en\/wp-json\/wp\/v2\/noticias\/7038"}],"collection":[{"href":"https:\/\/test.madridemprende.anovagroup.es\/en\/wp-json\/wp\/v2\/noticias"}],"about":[{"href":"https:\/\/test.madridemprende.anovagroup.es\/en\/wp-json\/wp\/v2\/types\/noticias"}],"version-history":[{"count":0,"href":"https:\/\/test.madridemprende.anovagroup.es\/en\/wp-json\/wp\/v2\/noticias\/7038\/revisions"}],"wp:featuredmedia":[{"embeddable":true,"href":"https:\/\/test.madridemprende.anovagroup.es\/en\/wp-json\/wp\/v2\/media\/7039"}],"wp:attachment":[{"href":"https:\/\/test.madridemprende.anovagroup.es\/en\/wp-json\/wp\/v2\/media?parent=7038"}],"wp:term":[{"taxonomy":"category","embeddable":true,"href":"https:\/\/test.madridemprende.anovagroup.es\/en\/wp-json\/wp\/v2\/categories?post=7038"},{"taxonomy":"noticias","embeddable":true,"href":"https:\/\/test.madridemprende.anovagroup.es\/en\/wp-json\/wp\/v2\/noticias?post=7038"}],"curies":[{"name":"wp","href":"https:\/\/api.w.org\/{rel}","templated":true}]}}