{"id":7042,"date":"2015-11-18T00:00:00","date_gmt":"2015-11-18T00:00:00","guid":{"rendered":"https:\/\/pre.madridemprende.anovagroup.es\/noticias\/xi-edicin-de-los-premios-de-la-revista-emprendedores\/"},"modified":"2022-06-08T11:28:04","modified_gmt":"2022-06-08T09:28:04","slug":"xi-edicin-de-los-premios-de-la-revista-emprendedores","status":"publish","type":"noticias","link":"https:\/\/test.madridemprende.anovagroup.es\/en\/noticias\/xi-edicin-de-los-premios-de-la-revista-emprendedores\/","title":{"rendered":"XI Edici\u00f3n de los Premios de la Revista Emprendedores"},"content":{"rendered":"<p>En una ceremonia guiada por el polifac\u00e9tico <a href=\\\"http:\/\/www.magomore.com\/\\\">Mago More<\/a> pasaron por el escenario muchos de los emprendedores m\u00e1s prometedores del panorama nacional.<\/p>\n<p>Antes de la entrega de los premios, los ganadores participaron en una mesa redonda en la que se habl\u00f3 de motivaci\u00f3n, aspiraciones, inicios y proyecciones.<\/p>\n<p>En esta edici\u00f3n los ganadores han sido:<\/p>\n<ul>\n<li>Premio al mejor emprendedor para David Mu\u00f1oz por <a href=\\\"http:\/\/diverxo.com\/\\\">DiverXo<\/a>.<\/li>\n<li>Premio <a href=\\\"http:\/\/www.emprendedores.es\/\\\">Emprendedores<\/a> a la mejor idea empresarial para Sergio S\u00e1nchez Jurado, creador de <a href=\\\"http:\/\/www.grupomyron.es\/\\\">Grupo Myron<\/a>.<\/li>\n<li>Premio Epson a la mejor microempresa a Fernando Zan\u00f3n por Intecdes<\/li>\n<li>Premio Emprendedores al emprendedor revelaci\u00f3n a Anxo P\u00e9rez, fundador de <a href=\\\"http:\/\/www.8belts.com\/\\\">8belts<\/a>.<\/li>\n<li>Premio Emprendedores a la pyme socialmente responsable para <a href=\\\"http:\/\/www.normadat.es\/\\\">Normadat<\/a>.<\/li>\n<li>Premio Emprendedores a la pyme del a\u00f1o a Jos\u00e9 del Barrio e I\u00f1igo Juantegui por <a href=\\\"https:\/\/www.laneveraroja.com\/\\\">La Nevera Roja<\/a>.<\/li>\n<li>Premio por talento al emprendedor con discapacidad para Saoia Aguirre, fundadora de <a href=\\\"http:\/\/thehighville.com\/thv\/\\\">The Highville<\/a>.<\/li>\n<li>Premio Emprendedores al ejecutivo del a\u00f1o para Mar\u00eda Carceller, CEO en <a href=\\\"http:\/\/www.rodilla.es\/\\\">Rodilla<\/a>.<\/li>\n<li>Premio Emprendedores a la multinacional espa\u00f1ola del a\u00f1o a <a href=\\\"http:\/\/www.prosegur.es\/esp\/\\\">Prosegur<\/a>.<\/li>\n<\/ul>\n<p>\u201cEl \u00e9xito es un c\u00famulo de momentos \u2018atr\u00e9vete\u2019\u201d, Anxo P\u00e9rez.<\/p>\n<p>\u00a1Enhorabuena emprendedores!<\/p>\n","protected":false},"excerpt":{"rendered":"<p>En una ceremonia guiada por el polifac\u00e9tico Mago More pasaron por el&#8230;<\/p>\n","protected":false},"featured_media":7043,"template":"","meta":{"_acf_changed":false},"categories":[],"noticias":[],"class_list":["post-7042","noticias","type-noticias","status-publish","has-post-thumbnail","hentry"],"acf":[],"_links":{"self":[{"href":"https:\/\/test.madridemprende.anovagroup.es\/en\/wp-json\/wp\/v2\/noticias\/7042"}],"collection":[{"href":"https:\/\/test.madridemprende.anovagroup.es\/en\/wp-json\/wp\/v2\/noticias"}],"about":[{"href":"https:\/\/test.madridemprende.anovagroup.es\/en\/wp-json\/wp\/v2\/types\/noticias"}],"version-history":[{"count":0,"href":"https:\/\/test.madridemprende.anovagroup.es\/en\/wp-json\/wp\/v2\/noticias\/7042\/revisions"}],"wp:featuredmedia":[{"embeddable":true,"href":"https:\/\/test.madridemprende.anovagroup.es\/en\/wp-json\/wp\/v2\/media\/7043"}],"wp:attachment":[{"href":"https:\/\/test.madridemprende.anovagroup.es\/en\/wp-json\/wp\/v2\/media?parent=7042"}],"wp:term":[{"taxonomy":"category","embeddable":true,"href":"https:\/\/test.madridemprende.anovagroup.es\/en\/wp-json\/wp\/v2\/categories?post=7042"},{"taxonomy":"noticias","embeddable":true,"href":"https:\/\/test.madridemprende.anovagroup.es\/en\/wp-json\/wp\/v2\/noticias?post=7042"}],"curies":[{"name":"wp","href":"https:\/\/api.w.org\/{rel}","templated":true}]}}