{"id":7046,"date":"2015-11-27T00:00:00","date_gmt":"2015-11-27T00:00:00","guid":{"rendered":"https:\/\/pre.madridemprende.anovagroup.es\/noticias\/salesas-village-the-festival-celebra-una-nueva-edicin\/"},"modified":"2022-06-08T11:28:03","modified_gmt":"2022-06-08T09:28:03","slug":"salesas-village-the-festival-celebra-una-nueva-edicin","status":"publish","type":"noticias","link":"https:\/\/test.madridemprende.anovagroup.es\/en\/noticias\/salesas-village-the-festival-celebra-una-nueva-edicin\/","title":{"rendered":"SALESAS VILLAGE [The Festival] celebra una nueva edici\u00f3n."},"content":{"rendered":"<div style=\\\"text-align: justify;\\\">Continuando con su firme apuesta por el comercio de proximidad y el refuerso del posicionamiento de Madrid como destino de compras, a trav\u00e9s de la identificaci\u00f3n de las diferentes \u00a0zonas comerciales de la ciudad con mayora atractivo comercial, para madrile\u00f1os y visitantes, el Ayuntamiento de Madrid, a trav\u00e9s del \u00c1rea de Equidad, Derechos Sociales y Empleo, (Direcci\u00f3n General de Comercio y Emprendimiento) y la Asociaci\u00f3n de Empresarios del Comercio Textil y Complementos ACOTEX, organizan una nueva edici\u00f3n de Salesas Village.\u00a0<\/div>\n<div style=\\\"text-align: justify;\\\">Coincidiendo con encendido de las luces de navidad, <strong>Salesas Village [The Festival] celebra su tercera edici\u00f3n los d\u00edas 27, 28 y 29 de noviembre.<\/strong> Un nuevo encuentro para todos los madrile\u00f1os y visitantes en el que los comercios y establecimientos del barrio se unen para ofrecer un programa con descuentos especiales, actividades, \u00a0para crear el plan perfecto para toda la familia durante el fin de semana, en horario de 10 de la ma\u00f1ana hasta las 21 horas de la noche.\u00a0<\/div>\n<div style=\\\"text-align: justify;\\\">Como viene siendo costumbre, la Plaza de las Salesas se decorar\u00e1 con multitud de puestos y peque\u00f1as casetas en un street market en pleno centro de Madrid. Los visitantes tambi\u00e9n podr\u00e1n disfrutar de la oferta gastron\u00f3mica, actuaciones de Jazz en directo todos los d\u00edas y talleres para los m\u00e1s peque\u00f1os.<br \/>Adem\u00e1s, todos los asistentes podr\u00e1n conocer de primera mano la aplicaci\u00f3n Yaap Shopping, que ofrece una selecci\u00f3n de m\u00e1s de 150 comercios \u201ccool and convenient\u201d en esta zona. Todos los visitantes que se descarguen y registren en la aplicaci\u00f3n conseguir\u00e1n 10 euros de descuento en sus compras en los comercios de la zona adem\u00e1s de conseguir diferentes premios. Es m\u00e1s, coincidiendo con el Black Friday y acerc\u00e1ndote al stand de Yaap podr\u00e1s disfrutar de 10 euros adicionales en los comercios participantes en el #YaapFriday.<\/p>\n<p><a href=\\\"http:\/\/salesasvillage.com\/salesas-village-the-festival-27-28-y-29-de-noviembre\/\\\" target=\\\"_blank\\\"><strong><span style=\\\"font-size: 14pt;\\\">Aqu\u00ed puedes consultar las ofertas y descuentos<\/span><\/strong>.<\/a><\/div>\n<div>\u00a0<\/div>\n","protected":false},"excerpt":{"rendered":"<p>Continuando con su firme apuesta por el comercio de proximidad y el&#8230;<\/p>\n","protected":false},"featured_media":7047,"template":"","meta":{"_acf_changed":false},"categories":[],"noticias":[],"class_list":["post-7046","noticias","type-noticias","status-publish","has-post-thumbnail","hentry"],"acf":[],"_links":{"self":[{"href":"https:\/\/test.madridemprende.anovagroup.es\/en\/wp-json\/wp\/v2\/noticias\/7046"}],"collection":[{"href":"https:\/\/test.madridemprende.anovagroup.es\/en\/wp-json\/wp\/v2\/noticias"}],"about":[{"href":"https:\/\/test.madridemprende.anovagroup.es\/en\/wp-json\/wp\/v2\/types\/noticias"}],"version-history":[{"count":0,"href":"https:\/\/test.madridemprende.anovagroup.es\/en\/wp-json\/wp\/v2\/noticias\/7046\/revisions"}],"wp:featuredmedia":[{"embeddable":true,"href":"https:\/\/test.madridemprende.anovagroup.es\/en\/wp-json\/wp\/v2\/media\/7047"}],"wp:attachment":[{"href":"https:\/\/test.madridemprende.anovagroup.es\/en\/wp-json\/wp\/v2\/media?parent=7046"}],"wp:term":[{"taxonomy":"category","embeddable":true,"href":"https:\/\/test.madridemprende.anovagroup.es\/en\/wp-json\/wp\/v2\/categories?post=7046"},{"taxonomy":"noticias","embeddable":true,"href":"https:\/\/test.madridemprende.anovagroup.es\/en\/wp-json\/wp\/v2\/noticias?post=7046"}],"curies":[{"name":"wp","href":"https:\/\/api.w.org\/{rel}","templated":true}]}}